{"id":2892,"date":"2024-07-11T11:01:49","date_gmt":"2024-07-11T11:01:49","guid":{"rendered":"https:\/\/laviedepapa.info\/?p=2892"},"modified":"2024-07-13T19:21:03","modified_gmt":"2024-07-13T19:21:03","slug":"djamel-un-pere-engage-dans-le-conge-parental","status":"publish","type":"post","link":"https:\/\/laviedepapa.info\/?p=2892","title":{"rendered":"Djamel : un p\u00e8re engag\u00e9 dans le cong\u00e9 parental"},"content":{"rendered":"\n<p>Moins de 1% des hommes optent pour un cong\u00e9 parental. Et ce pourcentage reste stable au fil des ann\u00e9es. Pourtant, les avantages pour les p\u00e8res qui choisissent cette voie sont nombreux. C&rsquo;est le cas de Djamel (NDLR : pr\u00e9nom modifi\u00e9), qui a pris un an de cong\u00e9 parental \u00e0 temps plein \u00e0 la naissance de son troisi\u00e8me enfant, suivi d&rsquo;une ann\u00e9e \u00e0 mi-temps.<\/p>\n\n\n\n<p>Cette d\u00e9cision, m\u00fbrement r\u00e9fl\u00e9chie avec sa femme Aida, a transform\u00e9 la vie de Djamel. Non seulement pour lui, mais aussi pour sa femme (qui a pu progresser professionnellement), ses enfants et leur couple. Pr\u00e8s d&rsquo;un an apr\u00e8s la fin de son cong\u00e9 parental, Djamel partage son exp\u00e9rience pour inspirer d&rsquo;autres parents et contribuer \u00e0 changer les mentalit\u00e9s. Portrait d&rsquo;un papa exemplaire.<\/p>\n\n\n\n<h2 class=\"wp-block-heading\">La r\u00e9flexion autour du cong\u00e9 parental avant l&rsquo;arriv\u00e9e du troisi\u00e8me enfant<\/h2>\n\n\n\n<p>Djamel, 40 ans, et Aida, 37 ans, sont en couple depuis plus de 20 ans. D\u00e9but 2019, d\u00e9j\u00e0 parents de deux filles \u00e2g\u00e9es de 7 et 9 ans, ils souhaitent agrandir leur famille. Djamel travaille beaucoup, et leur a\u00een\u00e9e se plaint souvent de ne faire que croiser son p\u00e8re. Le couple avoue : <i>\u00ab Nous \u00e9tions dans un mod\u00e8le traditionnel o\u00f9 le p\u00e8re devait travailler dur pour assurer la s\u00e9curit\u00e9 financi\u00e8re de la famille. \u00bb<\/i><\/p>\n\n\n\n<p>Pour ce troisi\u00e8me enfant, le couple <i>\u00ab veut fonctionner diff\u00e9remment et passer plus de temps avec lui \u00bb<\/i>. Apr\u00e8s avoir d\u00e9pos\u00e9 une demande pour une place en cr\u00e8che, ils essuient un refus. Cependant, touch\u00e9 par leur histoire, le maire adjoint r\u00e9ussit \u00e0 leur obtenir une place durant la deuxi\u00e8me ann\u00e9e de cong\u00e9 parental de Djamel. Un jour, Aida demande \u00e0 Djamel : <i>\u00ab Cela t&rsquo;int\u00e9resserait-il de t&rsquo;occuper de notre troisi\u00e8me enfant ? \u00bb<\/i>. Bien que s\u00e9duisante, l&rsquo;id\u00e9e est rapidement confront\u00e9e \u00e0 la r\u00e9alit\u00e9 financi\u00e8re. <i>\u00ab Il y avait pr\u00e8s de 10 ans d&rsquo;\u00e9cart entre notre a\u00een\u00e9e et la derni\u00e8re. Elles \u00e9taient habitu\u00e9es \u00e0 un certain niveau de vie que nous ne voulions pas compromettre. \u00bb<\/i> Le couple explore alors diverses solutions.<\/p>\n\n\n\n<h2 class=\"wp-block-heading\">Assurer la s\u00e9curit\u00e9 financi\u00e8re durant le cong\u00e9 parental<\/h2>\n\n\n\n<p>Apr\u00e8s quelques recherches, le constat est clair : <i>\u00ab L&rsquo;indemnisation maximale durant un cong\u00e9 parental est de moins de 400 euros par mois. Ce n&rsquo;\u00e9tait pas suffisant pour notre famille. \u00bb<\/i> Djamel est frein\u00e9 par cet aspect financier. <i>\u00ab J&rsquo;avais une grande peur concernant l&rsquo;aspect financier. Puis quelques jours plus tard, Aida est arriv\u00e9e avec une id\u00e9e qui m&rsquo;a convaincu. \u00bb<\/i><\/p>\n\n\n\n<p>Le couple d\u00e9cide alors d&rsquo;investir pour g\u00e9n\u00e9rer des revenus suppl\u00e9mentaires. <i>\u00ab Nous avons achet\u00e9 un immeuble v\u00e9tuste et j&rsquo;ai pris en charge les travaux pour le r\u00e9nover et cr\u00e9er des appartements. \u00bb<\/i> La d\u00e9cision prise, ils se lancent dans cette aventure, m\u00ealant excitation et appr\u00e9hension. <i>\u00ab C&rsquo;\u00e9tait tr\u00e8s intense pendant plusieurs mois, car je menais les travaux en parall\u00e8le de mon travail. Mais c&rsquo;est ce qui a permis d&rsquo;\u00eatre serein durant mon cong\u00e9 parental. \u00bb<\/i><\/p>\n\n\n\n<p>Enceinte de leur troisi\u00e8me enfant, Aida b\u00e9n\u00e9ficie de quatre mois de cong\u00e9 maternit\u00e9 pay\u00e9s \u00e0 100% de son salaire, puis de quatre mois \u00e0 50%, gr\u00e2ce aux accords de son entreprise. Apr\u00e8s sept mois, Djamel commence son cong\u00e9 parental pour assurer une transition en douceur. Deux semaines plus tard, Aida reprend le travail, laissant Djamel seul pour s&rsquo;occuper de leurs trois enfants.<\/p>\n\n\n\n<h2 class=\"wp-block-heading\">R\u00e9actions de l&rsquo;entreprise et des proches face au cong\u00e9 parental de Djamel<\/h2>\n\n\n\n<p>Djamel, conducteur de bus, informe son entreprise de sa d\u00e9cision par courrier. <i>\u00ab Il n&rsquo;y a eu aucun probl\u00e8me avec les RH. Ils ont appr\u00e9ci\u00e9 ma franchise et respect\u00e9 mon choix. \u00bb<\/i> M\u00eame pour la prolongation de son cong\u00e9 parental \u00e0 mi-temps, son entreprise a \u00e9t\u00e9 compr\u00e9hensive. <i>\u00ab Nous avons travaill\u00e9 ensemble pour trouver le bon \u00e9quilibre. Je ne voulais pas travailler les samedis, mercredis et jeudis, mais j&rsquo;\u00e9tais flexible pour le reste. \u00bb<\/i><\/p>\n\n\n\n<p>Les proches, cependant, ont mis plus de temps \u00e0 accepter. <i>\u00ab Ils \u00e9taient intrigu\u00e9s et questionnaient souvent l&rsquo;aspect financier. On me demandait aussi si je ne m&rsquo;ennuyais pas. \u00bb<\/i> Les st\u00e9r\u00e9otypes de genre \u00e9taient \u00e9galement pr\u00e9sents : <i>\u00ab On se demandait pourquoi ce n&rsquo;\u00e9tait pas ma femme qui s&rsquo;arr\u00eatait. Mais c&rsquo;\u00e9tait un d\u00e9sir fort de ma part et un choix de couple. \u00bb<\/i><\/p>\n\n\n\n<h2 class=\"wp-block-heading\">Papa \u00e0 temps plein et une nouvelle relation avec ses filles<\/h2>\n\n\n\n<p>Apr\u00e8s la reprise du travail d&rsquo;Aida, Djamel se retrouve seul avec leur troisi\u00e8me fille, tout en s&rsquo;occupant des deux a\u00een\u00e9es. <i>\u00ab Au d\u00e9but, c&rsquo;\u00e9tait difficile. M\u00eame si je m&rsquo;\u00e9tais occup\u00e9 de nos premi\u00e8res filles, j&rsquo;\u00e9tais rarement seul. J&rsquo;avais aussi peur de m&rsquo;ennuyer. \u00bb<\/i> Progressivement, il trouve ses marques et change certaines habitudes. <i>\u00ab J&rsquo;ai remplac\u00e9 les lingettes par une pompe \u00e0 eau et des cotons, par exemple. \u00bb<\/i><\/p>\n\n\n\n<p>Sa relation avec les deux plus grandes filles \u00e9volue \u00e9galement. <i>\u00ab Elles se plaignaient de mon absence, et maintenant, elles me sollicitent plus que leur m\u00e8re. Elles veulent que je sois toujours \u00e0 la maison. \u00bb<\/i> Les journ\u00e9es sont moins fatigantes pour les filles, car elles passent moins de temps en garderie. <i>\u00ab Je suis plus d\u00e9tendu et plus disponible, ce qui se traduit par une am\u00e9lioration de leurs r\u00e9sultats scolaires. \u00bb<\/i> Aujourd&rsquo;hui, elles d\u00e9crivent leur p\u00e8re comme <i>\u00ab attentionn\u00e9, tr\u00e8s pr\u00e9sent et serviable \u00bb,<\/i> contrairement \u00e0 l&rsquo;\u00e9poque o\u00f9 <i>\u00ab on ne voyait jamais papa \u00bb<\/i>.<\/p>\n\n\n\n<h2 class=\"wp-block-heading\">Les avantages pour Djamel et Aida<\/h2>\n\n\n\n<p>Pour Djamel, il ne fait aucun doute que son cong\u00e9 parental a \u00e9t\u00e9 une <i>\u00ab excellente exp\u00e9rience \u00bb<\/i>. Il en retire de nombreux b\u00e9n\u00e9fices : <i>\u00ab J&rsquo;ai pu passer du temps avec mes enfants, les voir grandir, m&rsquo;occuper d&rsquo;eux quotidiennement. \u00bb<\/i> Cette p\u00e9riode a renforc\u00e9 la complicit\u00e9 avec ses filles. <i>\u00ab Je n&rsquo;ai pas eu cette opportunit\u00e9 avec mes premi\u00e8res filles. Le temps passe vite et on n&rsquo;en profite pas toujours. \u00bb<\/i><\/p>\n\n\n\n<p>Ce cong\u00e9 parental a \u00e9galement am\u00e9lior\u00e9 sa relation avec son employeur. <i>\u00ab Avant, je voulais quitter mon travail. Aujourd&rsquo;hui, gr\u00e2ce \u00e0 cette pause, j&rsquo;ai pu r\u00e9fl\u00e9chir et je me sens bien dans mon emploi. \u00bb<\/i> Djamel est reconnaissant envers son entreprise et envisage d&rsquo;y rester longtemps.<\/p>\n\n\n\n<p>Pour Aida, l&rsquo;exp\u00e9rience a \u00e9t\u00e9 tout aussi positive. <i>\u00ab J&rsquo;ai vraiment appr\u00e9ci\u00e9 que Djamel soit en cong\u00e9 parental. J&rsquo;\u00e9tais plus d\u00e9tendue, moins stress\u00e9e et moins fatigu\u00e9e. L&rsquo;ambiance \u00e0 la maison \u00e9tait plus apais\u00e9e, et j&rsquo;ai pu me concentrer sur ma carri\u00e8re. \u00bb<\/i> Gr\u00e2ce \u00e0 l&rsquo;implication de son mari, Aida a pu \u00e9voluer professionnellement, d\u00e9crochant un nouveau poste et une formation. <i>\u00ab Je suis pleine de gratitude pour cette \u00e9volution et encore plus engag\u00e9e dans mon travail. \u00bb<\/i><\/p>\n\n\n\n<h2 class=\"wp-block-heading\">Un couple plus soud\u00e9 et une charge mentale \u00e9quilibr\u00e9e<\/h2>\n\n\n\n<p>Le cong\u00e9 parental de Djamel a \u00e9galement renforc\u00e9 leur couple. <i>\u00ab Voir la situation du point de vue de l&rsquo;autre est pr\u00e9cieux. On comprend mieux l&rsquo;\u00e9puisement li\u00e9 \u00e0 la gestion des enfants et de la maison. \u00bb<\/i> La pr\u00e9sence quotidienne de Djamel a aussi beaucoup apport\u00e9 aux enfants. <i>\u00ab Il les fait participer aux t\u00e2ches m\u00e9nag\u00e8res, comme la pr\u00e9paration des repas. Depuis son cong\u00e9 parental, nous sommes plus dans la coop\u00e9ration avec les enfants. \u00bb<\/i><\/p>\n\n\n\n<p>Cette coop\u00e9ration s&rsquo;est \u00e9galement instaur\u00e9e au sein du couple, o\u00f9 les t\u00e2ches et la charge mentale sont mieux r\u00e9parties. <i>\u00ab Nous ressentons moins de stress, ce qui am\u00e9liore notre relation de couple. \u00bb<\/i> Le couple r\u00e9sume les b\u00e9n\u00e9fices du cong\u00e9 parental : <i>\u00ab Avoir du temps permet de se poser, de questionner nos habitudes et de cr\u00e9er notre propre mod\u00e8le. \u00bb<\/i><\/p>\n\n\n\n<h2 class=\"wp-block-heading\">Les conseils de Djamel pour les futurs papas souhaitant un cong\u00e9 parental<\/h2>\n\n\n\n<p>En conclusion, Djamel partage ses conseils pour les p\u00e8res envisageant un cong\u00e9 parental :<\/p>\n\n\n\n<ul class=\"wp-block-list\">\n<li>Assurer la s\u00e9curit\u00e9 financi\u00e8re pour \u00e9viter les conflits et les tensions familiales<\/li>\n\n\n\n<li>Se renseigner sur les d\u00e9marches administratives n\u00e9cessaires<\/li>\n\n\n\n<li>\u00catre accompagn\u00e9 par la maman au d\u00e9but du cong\u00e9 parental<\/li>\n\n\n\n<li>Se faire confiance et trouver sa propre organisation<\/li>\n\n\n\n<li>Ne pas h\u00e9siter \u00e0 franchir le pas, d\u00e9passer les pr\u00e9jug\u00e9s sociaux<\/li>\n<\/ul>\n\n\n\n<p>Djamel insiste \u00e9galement sur l&rsquo;importance d&rsquo;une meilleure indemnisation du cong\u00e9 parental et du r\u00f4le des entreprises dans l&rsquo;information des collaborateurs. <i>\u00ab Un homme sans revenu est souvent vu comme un fain\u00e9ant vivant aux d\u00e9pens de sa femme. J&rsquo;ai ressenti cela, mais je suis rest\u00e9 ferme sur mon choix. Aujourd&rsquo;hui, mes amis envient mon exp\u00e9rience et se posent la question du cong\u00e9 parental pour leur prochain enfant. Je leur dis toujours : oui, il faut oser ! \u00bb<\/i><\/p>\n\n\n\n<p>Comme souvent, partager ses exp\u00e9riences et ses convictions ouvre des voies pour les autres. Merci \u00e0 Djamel et Aida pour leur t\u00e9moignage authentique, qui inspirera s\u00fbrement d&rsquo;autres parents.<\/p>\n","protected":false},"excerpt":{"rendered":"<p>Moins de 1% des hommes optent pour un cong\u00e9 parental. Et ce pourcentage reste stable au fil des ann\u00e9es. Pourtant, les avantages pour les p\u00e8res qui choisissent cette voie sont nombreux. C&rsquo;est le cas de Djamel (NDLR : pr\u00e9nom modifi\u00e9), qui a pris un an de cong\u00e9 parental \u00e0 temps plein \u00e0 la naissance de [&hellip;]<\/p>\n","protected":false},"author":1,"featured_media":2983,"comment_status":"open","ping_status":"open","sticky":false,"template":"","format":"standard","meta":{"footnotes":""},"categories":[19],"tags":[],"class_list":{"0":"post-2892","1":"post","2":"type-post","3":"status-publish","4":"format-standard","5":"has-post-thumbnail","7":"category-temoignage"},"_links":{"self":[{"href":"https:\/\/laviedepapa.info\/index.php?rest_route=\/wp\/v2\/posts\/2892","targetHints":{"allow":["GET"]}}],"collection":[{"href":"https:\/\/laviedepapa.info\/index.php?rest_route=\/wp\/v2\/posts"}],"about":[{"href":"https:\/\/laviedepapa.info\/index.php?rest_route=\/wp\/v2\/types\/post"}],"author":[{"embeddable":true,"href":"https:\/\/laviedepapa.info\/index.php?rest_route=\/wp\/v2\/users\/1"}],"replies":[{"embeddable":true,"href":"https:\/\/laviedepapa.info\/index.php?rest_route=%2Fwp%2Fv2%2Fcomments&post=2892"}],"version-history":[{"count":1,"href":"https:\/\/laviedepapa.info\/index.php?rest_route=\/wp\/v2\/posts\/2892\/revisions"}],"predecessor-version":[{"id":2899,"href":"https:\/\/laviedepapa.info\/index.php?rest_route=\/wp\/v2\/posts\/2892\/revisions\/2899"}],"wp:featuredmedia":[{"embeddable":true,"href":"https:\/\/laviedepapa.info\/index.php?rest_route=\/wp\/v2\/media\/2983"}],"wp:attachment":[{"href":"https:\/\/laviedepapa.info\/index.php?rest_route=%2Fwp%2Fv2%2Fmedia&parent=2892"}],"wp:term":[{"taxonomy":"category","embeddable":true,"href":"https:\/\/laviedepapa.info\/index.php?rest_route=%2Fwp%2Fv2%2Fcategories&post=2892"},{"taxonomy":"post_tag","embeddable":true,"href":"https:\/\/laviedepapa.info\/index.php?rest_route=%2Fwp%2Fv2%2Ftags&post=2892"}],"curies":[{"name":"wp","href":"https:\/\/api.w.org\/{rel}","templated":true}]}}