{"id":2891,"date":"2024-07-11T11:01:28","date_gmt":"2024-07-11T11:01:28","guid":{"rendered":"https:\/\/laviedepapa.info\/?p=2891"},"modified":"2024-07-13T19:21:34","modified_gmt":"2024-07-13T19:21:34","slug":"une-nouvelle-vie-pour-gregoire","status":"publish","type":"post","link":"https:\/\/laviedepapa.info\/?p=2891","title":{"rendered":"Une nouvelle vie pour Gr\u00e9goire"},"content":{"rendered":"\n<p>La vie est parfois pleine de surprises&#8230; Gr\u00e9goire m\u00e8ne une vie tr\u00e9pidante. \u00c0 31 ans, il jongle entre son r\u00f4le de d\u00e9put\u00e9 suppl\u00e9ant \u00e0 Lille et sa carri\u00e8re de consultant en communication. En mai 2022, il devient p\u00e8re.<\/p>\n\n\n\n<p>La naissance de Romane, sa fille, n&rsquo;\u00e9tait pas pr\u00e9vue. Cet \u00e9v\u00e9nement inattendu bouleverse Gr\u00e9goire, qui doit faire face \u00e0 ce nouveau r\u00f4le. Entre les \u00e9lections l\u00e9gislatives, le refus de son employeur de lui accorder son cong\u00e9 paternit\u00e9 et les \u00e9motions intenses, il peine \u00e0 trouver sa place. Aujourd&rsquo;hui, il s&rsquo;invente une nouvelle vie pour tout concilier. Gr\u00e2ce \u00e0 sa fille, il m\u00fbrit et devient un homme. Voici le portrait d&rsquo;un papa aux d\u00e9buts tumultueux.<\/p>\n\n\n\n<h2 class=\"wp-block-heading\">Une naissance impr\u00e9vue<\/h2>\n\n\n\n<p>Gr\u00e9goire et sa compagne se s\u00e9parent en juin 2021 apr\u00e8s huit ans ensemble. Deux mois plus tard, elle lui annonce qu&rsquo;elle est enceinte. *\u00a0\u00bbElle m&rsquo;a annonc\u00e9 qu&rsquo;elle \u00e9tait enceinte\u00a0\u00bb* raconte-t-il. Sous le choc, Gr\u00e9goire fait un malaise. *\u00a0\u00bbJ&rsquo;ai eu besoin de temps pour dig\u00e9rer et comprendre. Je me voyais p\u00e8re \u00e0 35 ans, pas avant. Je voulais me consacrer \u00e0 la politique avant cela. Son choix me semblait \u00e9go\u00efste, sans prendre en compte mes peurs et mes doutes\u00a0\u00bb.*<\/p>\n\n\n\n<p>Pendant les six mois suivants, il se plonge dans son travail. *\u00a0\u00bbJ&rsquo;ai fui le sujet. J&rsquo;\u00e9tais dans le d\u00e9ni. Il y a tellement de bonheur autour de la parentalit\u00e9 que je ne pouvais parler de mes doutes. Je me sentais comme un monstre. Je ne pouvais en parler \u00e0 personne\u00a0\u00bb.*<\/p>\n\n\n\n<h2 class=\"wp-block-heading\">Un cong\u00e9 paternit\u00e9 entrav\u00e9<\/h2>\n\n\n\n<p>Romane na\u00eet le 24 mai 2022. En plus de sa carri\u00e8re politique, Gr\u00e9goire travaille comme consultant dans une agence de communication \u00e0 Lille. D\u00e8s l&rsquo;annonce de la grossesse, il en informe ses sup\u00e9rieurs. Quelques mois avant la naissance, il leur indique son souhait de prendre les 28 jours de cong\u00e9 paternit\u00e9, et non seulement les 7 jours obligatoires. *\u00a0\u00bb\u00c0 partir de ce moment, les tensions sont apparues. Ils avaient une vision traditionnelle, disant que c&rsquo;\u00e9tait \u00e0 la m\u00e8re de g\u00e9rer et que ma place \u00e9tait au travail. Plus la grossesse avan\u00e7ait, plus je me sentais seul\u00a0\u00bb.*<\/p>\n\n\n\n<p>\u00c0 la naissance de Romane, Gr\u00e9goire prend ses 7 jours de cong\u00e9 paternit\u00e9 mais doit rapidement retourner au travail. *\u00a0\u00bbJe subissais des pressions psychologiques constantes. Mon employeur me disait que je devais revenir, que nous allions perdre des clients&#8230;\u00a0\u00bb.* Chaque semaine, Gr\u00e9goire demande \u00e0 prendre le reste de ses jours de cong\u00e9 paternit\u00e9, mais essuie un refus. *\u00a0\u00bbJ&rsquo;arrivais \u00e9puis\u00e9 \u00e0 l&rsquo;agence, avec les nuits courtes de Romane. Ils me reprochaient de ne pas assurer dans mon travail, d&rsquo;avoir une trop sale gueule pour voir les clients. Mais ils n&rsquo;acceptaient toujours pas de me laisser partir en cong\u00e9 paternit\u00e9\u00a0\u00bb.* Apr\u00e8s quatre semaines, il craque. *\u00a0\u00bbJe les ai affront\u00e9s et j&rsquo;ai impos\u00e9 mon cong\u00e9 paternit\u00e9\u00a0\u00bb.*<\/p>\n\n\n\n<p>D\u00e9but ao\u00fbt, Gr\u00e9goire d\u00e9couvre qu&rsquo;il n&rsquo;a pas re\u00e7u son salaire. Toujours en conflit, le service comptable de son agence n&rsquo;avait pas g\u00e9r\u00e9 les aspects administratifs de son cong\u00e9. En difficult\u00e9 financi\u00e8re, il doit demander de l&rsquo;aide \u00e0 ses parents. *\u00a0\u00bbCela ne m&rsquo;\u00e9tait pas arriv\u00e9 depuis 10 ans !\u00a0\u00bb* Mi-octobre, \u00e9puis\u00e9, il n\u00e9gocie son d\u00e9part. *\u00a0\u00bbJe me suis senti abandonn\u00e9 alors que j&rsquo;\u00e9tais tr\u00e8s investi dans cette agence\u00a0\u00bb.*<\/p>\n\n\n\n<h2 class=\"wp-block-heading\">Trouver sa place en tant que papa<\/h2>\n\n\n\n<p>Les d\u00e9buts de la paternit\u00e9 sont difficiles pour Gr\u00e9goire. Lorsque sa fille na\u00eet, il est en pleine campagne l\u00e9gislative. *\u00a0\u00bbJe suis rest\u00e9 trois jours \u00e0 la maternit\u00e9 puis j&rsquo;ai \u00e9t\u00e9 absorb\u00e9 par les \u00e9lections\u00a0\u00bb.* Pris dans un tourbillon entre travail et famille, Gr\u00e9goire a du mal \u00e0 trouver sa place.<\/p>\n\n\n\n<p>Avec le temps et les grands yeux de sa fille, il entre peu \u00e0 peu dans son r\u00f4le de papa. *\u00a0\u00bbAu d\u00e9but, je fuyais. Aujourd&rsquo;hui, j&rsquo;assume mon r\u00f4le et j&rsquo;aime \u00eatre avec ma fille\u00a0\u00bb.* S\u00e9par\u00e9 de la m\u00e8re, ils n&rsquo;ont pas encore saisi la justice pour organiser le temps avec Romane. *\u00a0\u00bbOn s&rsquo;organise selon nos emplois du temps. J&rsquo;ai un agenda tr\u00e8s charg\u00e9, alors je bloque des cr\u00e9neaux. Je suis avec ma fille tous les matins, tous les samedis apr\u00e8s-midis et quelques soirs par semaine. Je veux assumer mon r\u00f4le de p\u00e8re. Et aujourd&rsquo;hui, c&rsquo;est naturel pour moi d&rsquo;\u00eatre papa\u00a0\u00bb.*<\/p>\n\n\n\n<p>Mais il reste des incertitudes. *\u00a0\u00bbJ&rsquo;ai du mal \u00e0 me projeter car je ne sais pas de quoi l&rsquo;avenir sera fait. Si les choses ne s&rsquo;arrangent pas, je ne veux pas arriver \u00e0 une d\u00e9cision juridique car avant un an, c&rsquo;est souvent la m\u00e8re qui est privil\u00e9gi\u00e9e. Et j&rsquo;ai peur de perdre du temps avec ma fille\u00a0\u00bb.*<\/p>\n\n\n\n<h2 class=\"wp-block-heading\">Un homme transform\u00e9<\/h2>\n\n\n\n<p>Huit mois apr\u00e8s la naissance de sa fille, Gr\u00e9goire continue de se transformer. *\u00a0\u00bbAu d\u00e9but, je ne voulais pas trop changer. Je voulais garder une part d&rsquo;immaturit\u00e9, au moins avec mes amis. Mais la parentalit\u00e9 change beaucoup de choses. Ce qui a le plus chang\u00e9 pour moi est la relation au temps. Avant, je g\u00e9rais ma vie comme je le voulais et les gens s&rsquo;adaptaient. Avec mon r\u00f4le de p\u00e8re, je me suis responsabilis\u00e9\u00a0\u00bb.* Et Gr\u00e9goire de conclure : *\u00a0\u00bbJe suis devenu plus homme et moins jeune homme\u00a0\u00bb.*<\/p>\n\n\n\n<p>Avec sa fille dans sa vie, il a d\u00fb r\u00e9organiser son quotidien pour trouver un \u00e9quilibre. *\u00a0\u00bbCe n&rsquo;est pas facile, j&rsquo;ai mis du temps. Cela a \u00e9t\u00e9 la qu\u00eate la plus difficile pour moi\u00a0\u00bb.* Pour Gr\u00e9goire, c&rsquo;est avant tout une question de choix. *\u00a0\u00bbJe veux m&rsquo;investir autant dans mon r\u00f4le de papa que dans mes activit\u00e9s professionnelles. Alors, j&rsquo;essaye de m&rsquo;organiser. De trouver le temps. De prioriser\u00a0\u00bb.*<\/p>\n\n\n\n<p>En parall\u00e8le, il essaie de ne pas s&rsquo;oublier pour tenir sur la dur\u00e9e. *\u00a0\u00bbJ&rsquo;essaie de ne pas m&rsquo;oublier, d&rsquo;\u00e9couter mes besoins. J&rsquo;ai mis du temps \u00e0 les comprendre et \u00e0 les imposer \u00e0 mon \u00e9quipe politique aussi, comme le samedi apr\u00e8s-midi o\u00f9 ils savent que je ne suis jamais disponible car je suis avec ma fille\u00a0\u00bb.*<\/p>\n\n\n\n<h2 class=\"wp-block-heading\">Un nouveau regard sur la paternit\u00e9<\/h2>\n\n\n\n<p>Fort de son exp\u00e9rience, Gr\u00e9goire souhaite changer les mentalit\u00e9s sur la paternit\u00e9 et la parentalit\u00e9 en entreprise. *\u00a0\u00bbIl est essentiel d&rsquo;informer sur le r\u00f4le du p\u00e8re. Montrer que le salariat n&rsquo;est pas incompatible avec la parentalit\u00e9. Et que la parentalit\u00e9 n&rsquo;est pas seulement une affaire de femme. Entreprises et parents doivent avancer ensemble. La parentalit\u00e9 n&rsquo;est pas incompatible avec la productivit\u00e9. Si une entreprise soutient la parentalit\u00e9, cela g\u00e9n\u00e8re forc\u00e9ment de l&rsquo;engagement de la part du salari\u00e9\u00a0\u00bb.*<\/p>\n\n\n\n<p>Le nouveau papa en est convaincu : *\u00a0\u00bbLes entreprises doivent \u00e9voluer. Elles doivent respecter le choix du p\u00e8re de partager les premi\u00e8res semaines avec son b\u00e9b\u00e9 et encourager la prise de cong\u00e9 paternit\u00e9\u00a0\u00bb.*<\/p>\n\n\n\n<p>En tant que d\u00e9put\u00e9 suppl\u00e9ant, Gr\u00e9goire estime que l&rsquo;\u00c9tat doit aussi \u00e9voluer. *\u00a0\u00bbL&rsquo;\u00c9tat, par le biais des diff\u00e9rentes aides, a encourag\u00e9 les parents \u00e0 confier leur enfant \u00e0 des nounous ou \u00e0 des cr\u00e8ches depuis des d\u00e9cennies. On devrait repenser le sujet en laissant le choix : pouvoir garder son enfant \u00e0 la maison plus longtemps ou continuer de travailler. Aujourd&rsquo;hui, on t&rsquo;incite \u00e0 reprendre le travail rapidement alors que tu n&rsquo;es pas pr\u00eat, physiquement et \u00e9motionnellement. La r\u00e9partition fonctionne \u00e0 l&rsquo;envers\u00a0\u00bb.* Il pense \u00e9galement que les mentalit\u00e9s doivent changer sur la perception du p\u00e8re dans la soci\u00e9t\u00e9. *\u00a0\u00bbNous sommes encore sur un mod\u00e8le archa\u00efque, patriarcal. Un p\u00e8re au foyer ou qui r\u00e9duit son activit\u00e9 professionnelle sera forc\u00e9ment culpabilis\u00e9\u00a0\u00bb.*<\/p>\n\n\n\n<h2 class=\"wp-block-heading\">Un papa combl\u00e9<\/h2>\n\n\n\n<p>Avec le temps, Gr\u00e9goire devient un papa combl\u00e9. *\u00a0\u00bbAvec un b\u00e9b\u00e9, ce n&rsquo;est pas facile de trouver des interactions. Le premier sourire de Romane a \u00e9t\u00e9 une \u00e9motion forte pour moi. En tant que nouveau papa, j&rsquo;ai longtemps eu un syndrome d&rsquo;imposteur. Mais lors de son premier sourire, je me suis enfin senti \u00e0 ma place\u00a0\u00bb.* Il n&rsquo;en fallait pas plus pour se projeter. *\u00a0\u00bbJe veux aider ma fille \u00e0 trouver sa voie. Je souhaite qu&rsquo;elle soit curieuse des autres et du monde. Et je r\u00eave qu&rsquo;elle puisse essayer plusieurs chemins pour \u00eatre heureuse. J&rsquo;aimerais qu&rsquo;elle s&rsquo;engage\u00a0\u00bb.*<\/p>\n\n\n\n<p>En devenant parent, on replonge souvent dans son propre pass\u00e9. Gr\u00e9goire ne fait pas exception. *\u00a0\u00bbJ&rsquo;esp\u00e8re \u00eatre un mod\u00e8le pour ma fille comme mon p\u00e8re l&rsquo;a \u00e9t\u00e9 pour moi. Mon p\u00e8re travaillait beaucoup mais trouvait toujours le temps de me lire un Ast\u00e9rix le soir et de faire du sport avec moi. Je veux faire pareil pour ma fille et partager des moments forts avec elle\u00a0\u00bb.*<\/p>\n\n\n\n<p>Gr\u00e9goire a d\u00e9j\u00e0 des moments forts en t\u00eate. *\u00a0\u00bbQuand je rentre \u00e0 la maison et qu&rsquo;elle ne dort pas, Romane me fait la f\u00eate et me tend les bras. C&rsquo;est mon cadeau quotidien\u00a0\u00bb.* Avec le recul, il est d\u00e9finitivement un papa combl\u00e9. *\u00a0\u00bbSon arriv\u00e9e dans ma vie m&rsquo;a \u00e9t\u00e9 impos\u00e9e au d\u00e9but. Aujourd&rsquo;hui, c&rsquo;est une source de bonheur intense. Je ne m&rsquo;imagine pas ma vie sans elle&#8230;\u00a0\u00bb.* Et de conclure : *\u00a0\u00bbJe suis tr\u00e8s fier d&rsquo;\u00eatre p\u00e8re\u00a0\u00bb.*<\/p>\n","protected":false},"excerpt":{"rendered":"<p>La vie est parfois pleine de surprises&#8230; Gr\u00e9goire m\u00e8ne une vie tr\u00e9pidante. \u00c0 31 ans, il jongle entre son r\u00f4le de d\u00e9put\u00e9 suppl\u00e9ant \u00e0 Lille et sa carri\u00e8re de consultant en communication. En mai 2022, il devient p\u00e8re. La naissance de Romane, sa fille, n&rsquo;\u00e9tait pas pr\u00e9vue. Cet \u00e9v\u00e9nement inattendu bouleverse Gr\u00e9goire, qui doit faire [&hellip;]<\/p>\n","protected":false},"author":1,"featured_media":2984,"comment_status":"open","ping_status":"open","sticky":false,"template":"","format":"standard","meta":{"footnotes":""},"categories":[19],"tags":[],"class_list":{"0":"post-2891","1":"post","2":"type-post","3":"status-publish","4":"format-standard","5":"has-post-thumbnail","7":"category-temoignage"},"_links":{"self":[{"href":"https:\/\/laviedepapa.info\/index.php?rest_route=\/wp\/v2\/posts\/2891","targetHints":{"allow":["GET"]}}],"collection":[{"href":"https:\/\/laviedepapa.info\/index.php?rest_route=\/wp\/v2\/posts"}],"about":[{"href":"https:\/\/laviedepapa.info\/index.php?rest_route=\/wp\/v2\/types\/post"}],"author":[{"embeddable":true,"href":"https:\/\/laviedepapa.info\/index.php?rest_route=\/wp\/v2\/users\/1"}],"replies":[{"embeddable":true,"href":"https:\/\/laviedepapa.info\/index.php?rest_route=%2Fwp%2Fv2%2Fcomments&post=2891"}],"version-history":[{"count":1,"href":"https:\/\/laviedepapa.info\/index.php?rest_route=\/wp\/v2\/posts\/2891\/revisions"}],"predecessor-version":[{"id":2898,"href":"https:\/\/laviedepapa.info\/index.php?rest_route=\/wp\/v2\/posts\/2891\/revisions\/2898"}],"wp:featuredmedia":[{"embeddable":true,"href":"https:\/\/laviedepapa.info\/index.php?rest_route=\/wp\/v2\/media\/2984"}],"wp:attachment":[{"href":"https:\/\/laviedepapa.info\/index.php?rest_route=%2Fwp%2Fv2%2Fmedia&parent=2891"}],"wp:term":[{"taxonomy":"category","embeddable":true,"href":"https:\/\/laviedepapa.info\/index.php?rest_route=%2Fwp%2Fv2%2Fcategories&post=2891"},{"taxonomy":"post_tag","embeddable":true,"href":"https:\/\/laviedepapa.info\/index.php?rest_route=%2Fwp%2Fv2%2Ftags&post=2891"}],"curies":[{"name":"wp","href":"https:\/\/api.w.org\/{rel}","templated":true}]}}