{"id":2890,"date":"2024-07-11T11:00:19","date_gmt":"2024-07-11T11:00:19","guid":{"rendered":"https:\/\/laviedepapa.info\/?p=2890"},"modified":"2024-07-13T19:19:11","modified_gmt":"2024-07-13T19:19:11","slug":"de-lecran-a-la-famille-la-vie-de-christophe-beaugrand-papa-engage","status":"publish","type":"post","link":"https:\/\/laviedepapa.info\/?p=2890","title":{"rendered":"De l&rsquo;\u00e9cran \u00e0 la famille : la vie de Christophe Beaugrand, papa engag\u00e9"},"content":{"rendered":"\n<p>Tout commence autour d\u2019une chocolatine. Christophe n\u2019a pas mang\u00e9 depuis ce matin et me dit qu\u2019il a envie d\u2019une chocolatine. Natif du Sud-Ouest tous les deux, nous partons dans un \u00e9clat de rire sur la team Chocolatine (ceux qui savent, savent \ud83d\ude09 ). Quelques minutes apr\u00e8s, Ghislain revient \u00e0 la maison avec Valentin qui a pass\u00e9 la journ\u00e9e \u00e0 la cr\u00e8che. Apr\u00e8s quelques c\u00e2lins et rires, nous entamons notre discussion au calme. L\u2019animateur TV et radio laisse alors place \u00e0 Christophe Beaugrand, le papa.<\/p>\n\n\n\n<h2 class=\"wp-block-heading\">20 ans de carri\u00e8re t\u00e9l\u00e9visuelle<\/h2>\n\n\n\n<p>Depuis deux d\u00e9cennies \u00e0 la t\u00e9l\u00e9vision, Christophe est connu de beaucoup de Fran\u00e7ais. Cependant, l&rsquo;homme derri\u00e8re l&rsquo;\u00e9cran est moins connu. 1h30 de conversation avec lui r\u00e9v\u00e8le qu&rsquo;il est exactement la m\u00eame personne. Align\u00e9. Sans masque. \u00c0 l&rsquo;occasion de la sortie de son livre <i>\u00ab Fils \u00e0 papa(s) \u00bb<\/i> (aux \u00e9ditions Plon), j&rsquo;ai voulu en savoir plus sur son histoire de papa. En effet, au-del\u00e0 de son parcours pour devenir p\u00e8re, Christophe est multifacette. \u00c0 la t\u00e9l\u00e9vision, il passe du divertissement avec <i>Ninja Warrior<\/i> \u00e0 la culture et la politique sur LCI. Dans sa vie personnelle, il passe de la l\u00e9g\u00e8ret\u00e9 \u00e0 l&rsquo;engagement avec la m\u00eame aisance. Montrer qu&rsquo;une famille avec deux papas est une famille comme les autres, confier sa v\u00e9rit\u00e9, expliquer pour faciliter la compr\u00e9hension des familles homoparentales et donner de l&rsquo;espoir sont ses objectifs \u00e0 travers son livre. Et c&rsquo;est un pari r\u00e9ussi. Son livre est p\u00e9dagogique sur la Gestation Pour Autrui (GPA). C&rsquo;est surtout un livre sur la valeur de la famille et plein d&rsquo;amour. Portrait d&rsquo;un papa inspirant.<\/p>\n\n\n\n<h2 class=\"wp-block-heading\">Une envie d\u2019\u00eatre p\u00e8re depuis toujours<\/h2>\n\n\n\n<p>Issu d&rsquo;une famille tr\u00e8s soud\u00e9e, Christophe a grandi avec des valeurs familiales tr\u00e8s fortes. D\u00e8s son enfance, il s&rsquo;est toujours imagin\u00e9 p\u00e8re. \u00c0 l&rsquo;adolescence, il prend conscience de son homosexualit\u00e9 et des d\u00e9fis pour cr\u00e9er sa propre famille. Pour cet optimiste, l&rsquo;envie de devenir p\u00e8re s&rsquo;intensifie. <i>\u00ab Mon d\u00e9sir de paternit\u00e9 a \u00e9t\u00e9 amplifi\u00e9 par ma prise de conscience d&rsquo;\u00eatre gay. Parce que cela semblait impossible, mon d\u00e9sir est devenu encore plus fort \u00bb.<\/i> Toutefois, son homosexualit\u00e9 n&rsquo;a jamais \u00e9t\u00e9 difficile \u00e0 vivre pour Christophe. <i>\u00ab Je me suis assum\u00e9 tr\u00e8s t\u00f4t. J&rsquo;avais une part d&rsquo;inconscience ! Je ne me suis jamais cach\u00e9. \u00c0 22 ans, en stage chez LCI, j&rsquo;en parlais tr\u00e8s naturellement \u00bb.<\/i><\/p>\n\n\n\n<p>\u00c0 un moment, Christophe envisage de concevoir un b\u00e9b\u00e9 avec une de ses meilleures amies. <i>\u00ab Avec le recul, je me dis que cela aurait \u00e9t\u00e9 une grosse erreur. Mais \u00e0 l&rsquo;\u00e9poque, j&rsquo;y croyais ! \u00bb.<\/i> Au fil des ann\u00e9es, la reconnaissance des homosexuels \u00e9volue en France. <i>\u00ab Nous sommes pass\u00e9s de rien \u00e0 presque tout. Il y a eu un grand changement avec le PACS. Puis, le mariage pour tous a ouvert de nouvelles possibilit\u00e9s. Le mariage ouvrait la voie \u00e0 la parentalit\u00e9 \u00bb.<\/i> Sa rencontre avec Ghislain, son mari, acc\u00e9l\u00e8re cette envie. <i>\u00ab Quand nous nous sommes mari\u00e9s, on nous a donn\u00e9 notre livret de famille. En voyant toutes les pages pour les enfants, j&rsquo;ai compris que la soci\u00e9t\u00e9 nous acceptait enfin. C&rsquo;est ce qui m&rsquo;a le plus \u00e9mu lors de notre mariage \u00bb.<\/i><\/p>\n\n\n\n<h2 class=\"wp-block-heading\">L\u2019aventure de la GPA<\/h2>\n\n\n\n<p>La d\u00e9cision est prise, les deux amoureux veulent fonder une famille ! Mais il n&rsquo;est pas facile de s&rsquo;y retrouver dans les m\u00e9andres de la Gestation Pour Autrui (GPA). <i>\u00ab J&rsquo;ai la chance d&rsquo;avoir des amis devenus papas gr\u00e2ce \u00e0 la GPA, comme Jarry ou le pr\u00e9sident de l&rsquo;APGL (Association des Parents et futurs parents gays &amp; lesbiens), qui nous ont beaucoup appris sur le sujet. Mais le traitement m\u00e9diatique est souvent injuste. C&rsquo;est aussi pour cela que j&rsquo;ai voulu \u00e9crire ce livre. Expliquer comment cela se passe. \u00c9crire un livre v\u00e9rit\u00e9, utile et p\u00e9dagogique. Une GPA n&rsquo;est pas un choix anodin. C&rsquo;est un parcours d&rsquo;amour avant tout \u00bb.<\/i> Sans h\u00e9sitation, Christophe et Ghislain choisissent une GPA \u00e9thique aux USA. Le processus est coordonn\u00e9 par une agence sp\u00e9cialis\u00e9e et encadr\u00e9 par des avocats. Dans son livre, Christophe raconte toutes les \u00e9tapes : le choix de la donneuse d&rsquo;ovocyte, puis de Whitney la femme porteuse, les diff\u00e9rentes \u00e9tapes m\u00e9dicales, les rendez-vous avec les psychologues, les divers frais financiers, etc. Raconter pour aider \u00e0 comprendre.<\/p>\n\n\n\n<p>Un parcours GPA n&rsquo;est pas de tout repos. <i>\u00ab C&rsquo;est un ascenseur \u00e9motionnel sans fin ! On encha\u00eene les bonnes nouvelles, les moments d&rsquo;attente, les d\u00e9ceptions, le stress&#8230; \u00bb.<\/i> Mais Christophe est aid\u00e9 par sa positivit\u00e9 in\u00e9branlable. <i>\u00ab Je pense que quand on est positif, on re\u00e7oit du positif. Alors lors de ce parcours de GPA, je n&rsquo;ai pas vraiment eu peur. En g\u00e9n\u00e9ral, j&rsquo;affronte les peurs au fur et \u00e0 mesure. Et j&rsquo;ai fonctionn\u00e9 de la m\u00eame fa\u00e7on pour la GPA : ne pas se projeter et avancer \u00bb.<\/i> Sa peur est finalement la m\u00eame que pour chaque parent : <i>\u00ab je voulais juste que la grossesse et l&rsquo;accouchement se passent bien&#8230; \u00bb.<\/i> (NDLR : pour comprendre la r\u00e9alit\u00e9 d&rsquo;un parcours GPA, au-del\u00e0 des croyances et des pol\u00e9miques, je vous invite vraiment \u00e0 lire son livre)<\/p>\n\n\n\n<h2 class=\"wp-block-heading\">La naissance de Valentin et la d\u00e9couverte d\u2019un nouveau monde<\/h2>\n\n\n\n<p>Le 9 novembre 2019, c&rsquo;est le Jour J (ou le D Day puisque cela se passe aux \u00c9tats-Unis \ud83d\ude09 ). Valentin voit le jour. <i>\u00ab C&rsquo;est d\u00e9finitivement la plus grande joie de ma vie. C&rsquo;est un moment indescriptible. Nous avons v\u00e9cu dans un cocon d&rsquo;amour avec Ghislain, Whitney et son mari. C&rsquo;est un moment magique et un shoot d&rsquo;\u00e9motion immense. J&rsquo;\u00e9prouve une gratitude et une reconnaissance \u00e9ternelles pour Whitney, la m\u00e8re porteuse de Valentin, son mari et leurs enfants. Le livre que j&rsquo;ai \u00e9crit, c&rsquo;est aussi pour eux. Whitney est d\u00e9finitivement une h\u00e9ro\u00efne \u00bb.<\/i><\/p>\n\n\n\n<p>Apr\u00e8s quelques jours \u00e0 l&rsquo;h\u00f4pital, Christophe et Ghislain restent quelques jours aux \u00c9tats-Unis. <i>\u00ab Nous redoutions de ne pas trouver nos marques. Mais nous avons \u00e9t\u00e9 tr\u00e8s bien form\u00e9s par les infirmi\u00e8res de l&rsquo;h\u00f4pital ! Les gestes sont vite devenus \u00e9vidents, naturels. Ghislain a eu besoin d&rsquo;une semaine pour se sentir \u00e0 l&rsquo;aise. Moi, j&rsquo;ai ressenti un sentiment de pl\u00e9nitude imm\u00e9diat \u00bb.<\/i> Les deux papas d\u00e9couvrent les joies de la paternit\u00e9, du peau \u00e0 peau : <i>\u00ab Valentin s&rsquo;endormait sur nous, c&rsquo;\u00e9tait tellement beau \u00bb.<\/i> Leur s\u00e9jour aux \u00c9tats-Unis permet \u00e0 la nouvelle famille de se d\u00e9couvrir tranquillement. <i>\u00ab \u00c0 la naissance, on a g\u00e9n\u00e9ralement un d\u00e9fil\u00e9 de famille et d&rsquo;amis. Nous, nous \u00e9tions juste \u00e0 trois, dans une bulle. Nous avons appris \u00e0 nous conna\u00eetre, nous avons trouv\u00e9 notre \u00e9quilibre \u00e0 trois \u00bb.<\/i><\/p>\n\n\n\n<p>Le temps de r\u00e9cup\u00e9rer le passeport de Valentin, il est temps de rentrer \u00e0 la maison. C&rsquo;est finalement au moment du retour en France que les nouveaux papas vivent leur plus grande peur. <i>\u00ab Mon plus grand stress, c&rsquo;\u00e9tait le passage \u00e0 la douane \u00e0 notre retour en France. La GPA n&rsquo;\u00e9tant pas autoris\u00e9e en France, je craignais de tomber sur un douanier un peu trop z\u00e9l\u00e9. Et la peur \u00e9tait vaine, tout s&rsquo;est pass\u00e9 tr\u00e8s sereinement ! \u00bb.<\/i><\/p>\n\n\n\n<h2 class=\"wp-block-heading\">Une nouvelle vie de papa, plus apais\u00e9e<\/h2>\n\n\n\n<p>On dit souvent que l&rsquo;arriv\u00e9e d&rsquo;un enfant change tout dans la vie. Pour Christophe Beaugrand, c&rsquo;est plus nuanc\u00e9. <i>\u00ab \u00c7a change tout et \u00e7a ne change rien ! L&rsquo;arriv\u00e9e de Valentin a beaucoup renforc\u00e9 notre couple. Nous ne nous sommes jamais aussi peu disput\u00e9s que pendant les premiers mois de Valentin ! \u00bb.<\/i> Cependant, Christophe constate qu&rsquo;il change au fil des mois. <i>\u00ab Je suis moins centr\u00e9 sur moi-m\u00eame. Je relativise davantage, je suis plus zen \u00bb.<\/i><\/p>\n\n\n\n<p>Sur le plan professionnel, l&rsquo;arriv\u00e9e de Valentin a \u00e9galement eu un impact pour Christophe. <i>\u00ab J&rsquo;ai appris \u00e0 dire non \u00e0 des projets professionnels. J&rsquo;ai, par exemple, refus\u00e9 le tournage d&rsquo;une \u00e9mission en R\u00e9publique Dominicaine qui m&rsquo;aurait \u00e9loign\u00e9 plusieurs semaines de ma famille. Ma priorit\u00e9, c&rsquo;est Valentin. J&rsquo;ai souvent sacrifi\u00e9 ma vie pour le travail. Plus maintenant \u00bb.<\/i> Pour Christophe, Valentin l&rsquo;aide \u00e0 repenser ses envies professionnelles. <i>\u00ab Mon fils m&rsquo;aide \u00e0 faire le tri et \u00e0 faire des choix. Il m&rsquo;am\u00e8ne \u00e0 construire une deuxi\u00e8me partie de carri\u00e8re. Je reviens plus fortement \u00e0 mes premi\u00e8res amours journalistiques en animant la matinale sur LCI. Pendant des ann\u00e9es, j&rsquo;ai tout donn\u00e9 \u00e0 ma carri\u00e8re. Aujourd&rsquo;hui, j&rsquo;ai moins \u00e0 prouver. Je n&rsquo;aurais pas pu \u00eatre p\u00e8re avant, j&rsquo;\u00e9tais trop focalis\u00e9 sur le travail. Je suis devenu papa au bon moment \u00bb.<\/i><\/p>\n\n\n\n<p>Pourtant, le quotidien de Christophe et Ghislain n&rsquo;a pas tant \u00e9volu\u00e9. <i>\u00ab Nous n&rsquo;avons pas tellement chang\u00e9 notre mode de vie. Valentin n&rsquo;est pas dans un cocon. Nous l&rsquo;avons int\u00e9gr\u00e9 dans notre vie. Et quand nous faisons une f\u00eate, il est avec nous. Mais de toute fa\u00e7on, nous faisons moins la f\u00eate et moins tard. Le lendemain, il faut se lever, plus de grasse matin\u00e9e ! \u00bb.<\/i> Parfois, les deux papas se s\u00e9parent pour une soir\u00e9e entre amis. <i>\u00ab Pour pleinement profiter et s&rsquo;amuser ! \u00bb.<\/i> La maman de Christophe, qui a d\u00e9m\u00e9nag\u00e9 \u00e0 c\u00f4t\u00e9 de la famille, garde parfois Valentin pour que le jeune couple se retrouve en t\u00eate-\u00e0-t\u00eate. <i>\u00ab M\u00eame si nous sommes plus fatigu\u00e9s, nous devons nous organiser pour ne pas nous endormir \u00e0 21h ! \u00bb.<\/i><\/p>\n\n\n\n<h2 class=\"wp-block-heading\">Christophe Beaugrand papa engag\u00e9<\/h2>\n\n\n\n<p>Ce qui a chang\u00e9, c&rsquo;est la volont\u00e9 de Christophe de s&rsquo;engager. <i>\u00ab C&rsquo;est l&rsquo;objectif de ce livre. Je voulais passer un message et parler \u00e0 tous les publics. Je voulais que mon histoire soit utile et aide \u00e0 comprendre. Quand j&rsquo;\u00e9tais enfant, la visibilit\u00e9 des gays n&rsquo;existait pas. Je fais le choix de m\u00e9diatiser mon mariage ou mon quotidien sur Instagram. C&rsquo;est aussi un message pour les jeunes gays et leur famille \u00bb.<\/i> Et l&rsquo;objectif semble atteint au regard des t\u00e9moignages que Christophe re\u00e7oit. <i>\u00ab Je re\u00e7ois beaucoup de retours de parents de jeunes homos. Ils me disent que ce livre les aide \u00e0 comprendre et \u00e0 accompagner leurs enfants. Je re\u00e7ois aussi des messages de jeunes couples gays qui me disent <i>nous sommes gays et vous nous montrez que c&rsquo;est possible<\/i>. Je veux prendre la parole pour ouvrir la soci\u00e9t\u00e9 \u00e0 ces sujets \u00bb.<\/i><\/p>\n\n\n\n<p>Christophe sait que s&rsquo;engager sur ces sujets l&rsquo;expose \u00e0 des critiques parfois violentes. <i>\u00ab Il y a eu des tweets de membres de la Manif pour tous contre moi, d\u00e9clenchant un harc\u00e8lement num\u00e9rique. J&rsquo;ai l&rsquo;habitude. Je le vis \u00e0 chaque fois que je prends la parole sur ces sujets \u00bb.<\/i> Mais son engagement est plus fort. <i>\u00ab Cela me touche, mais ce n&rsquo;est pas si grave. Prendre la parole fait partie de mes devoirs. Et ces messages haineux sont compens\u00e9s par les 98% de messages positifs que je re\u00e7ois \u00bb.<\/i> Quand Christophe Beaugrand, le papa apais\u00e9, prend le dessus&#8230;<\/p>\n\n\n\n<p>Christophe en est convaincu, la situation de la GPA reviendra dans le d\u00e9bat public. <i>\u00ab Il y aura des \u00e9volutions. Aujourd&rsquo;hui, la majorit\u00e9 de l&rsquo;opinion est favorable \u00e0 la GPA (environ 55%). Mais cela ne se fera pas tout de suite. Dans quelques ann\u00e9es. Cependant, il reste aujourd&rsquo;hui le probl\u00e8me de la reconnaissance des enfants n\u00e9s de GPA \u00e0 l&rsquo;\u00e9tranger\u2026 \u00bb.<\/i><\/p>\n\n\n\n<h2 class=\"wp-block-heading\">Christophe Beaugrand papa au quotidien<\/h2>\n\n\n\n<p>La vie de Christophe, Ghislain et Valentin est semblable \u00e0 celle de toutes les familles. <i>\u00ab Je me r\u00e9veille en premier et je profite du calme pour faire un peu de sport en regardant des d\u00e9bats politiques \u00e0 la TV. Puis je r\u00e9veille Valentin vers 8h15, petit-d\u00e9jeuner et toilette. Je l&rsquo;am\u00e8ne chaque matin \u00e0 la cr\u00e8che avant de partir travailler. Ghislain le r\u00e9cup\u00e8re \u00e0 la cr\u00e8che \u00e0 17h. Selon mes activit\u00e9s professionnelles, cela nous laisse un long moment pour jouer ensemble. Puis nous couchons Valentin vers 21h \u00bb.<\/i> La vie des deux papas est aussi facilit\u00e9e par Valentin. <i>\u00ab C&rsquo;est un enfant tr\u00e8s cool, facile et gentil. Il a fait ses nuits facilement \u00bb.<\/i><\/p>\n\n\n\n<p>En termes d&rsquo;\u00e9ducation, ce sont des valeurs de tol\u00e9rance, d&rsquo;acceptation de la diff\u00e9rence et de respect que les papas veulent transmettre \u00e0 Valentin. <i>\u00ab Je crois aussi beaucoup \u00e0 l&rsquo;humour. Mon p\u00e8re m&rsquo;a appris la puissance de l&rsquo;humour et de l&rsquo;autod\u00e9rision. Nous voulons apprendre \u00e0 Valentin \u00e0 se marrer. Que rien n&rsquo;est vraiment grave \u00bb.<\/i> Avec un chien et un chat \u00e0 la maison, les papas veulent aussi apprendre \u00e0 Valentin le respect des animaux. Ils l&rsquo;encouragent \u00e9galement \u00e0 pr\u00eater ses jouets \u00e0 d&rsquo;autres enfants pour lui enseigner le partage.<\/p>\n\n\n\n<p>Passer 1h30 avec Christophe, c&rsquo;est se fixer un sourire sur le visage, tant on sent le bonheur du papa. Selon lui, Valentin dirait de son papa <i>\u00ab que c&rsquo;est un papa rigolo. Il adore que je lui raconte des histoires o\u00f9 j&rsquo;imite des chats !! \u00bb.<\/i> Avant de se quitter, Christophe me raconte une derni\u00e8re anecdote. <i>\u00ab Valentin me voit parfois \u00e0 la TV. Il y a peu, LCI \u00e9tait allum\u00e9 et il a dit <i>Papa, papa !<\/i>. Mais non\u2026 Ce n&rsquo;\u00e9tait pas moi\u2026 C&rsquo;\u00e9tait Arlette Chabot !! Valentin avait juste reconnu le logo de LCI ! Enfin, j&rsquo;esp\u00e8re que c&rsquo;est bien \u00e7a l&rsquo;explication !!! \u00bb.<\/i><\/p>\n","protected":false},"excerpt":{"rendered":"<p>Tout commence autour d\u2019une chocolatine. Christophe n\u2019a pas mang\u00e9 depuis ce matin et me dit qu\u2019il a envie d\u2019une chocolatine. Natif du Sud-Ouest tous les deux, nous partons dans un \u00e9clat de rire sur la team Chocolatine (ceux qui savent, savent \ud83d\ude09 ). Quelques minutes apr\u00e8s, Ghislain revient \u00e0 la maison avec Valentin qui a [&hellip;]<\/p>\n","protected":false},"author":1,"featured_media":2982,"comment_status":"open","ping_status":"open","sticky":false,"template":"","format":"standard","meta":{"footnotes":""},"categories":[19],"tags":[],"class_list":{"0":"post-2890","1":"post","2":"type-post","3":"status-publish","4":"format-standard","5":"has-post-thumbnail","7":"category-temoignage"},"_links":{"self":[{"href":"https:\/\/laviedepapa.info\/index.php?rest_route=\/wp\/v2\/posts\/2890","targetHints":{"allow":["GET"]}}],"collection":[{"href":"https:\/\/laviedepapa.info\/index.php?rest_route=\/wp\/v2\/posts"}],"about":[{"href":"https:\/\/laviedepapa.info\/index.php?rest_route=\/wp\/v2\/types\/post"}],"author":[{"embeddable":true,"href":"https:\/\/laviedepapa.info\/index.php?rest_route=\/wp\/v2\/users\/1"}],"replies":[{"embeddable":true,"href":"https:\/\/laviedepapa.info\/index.php?rest_route=%2Fwp%2Fv2%2Fcomments&post=2890"}],"version-history":[{"count":1,"href":"https:\/\/laviedepapa.info\/index.php?rest_route=\/wp\/v2\/posts\/2890\/revisions"}],"predecessor-version":[{"id":2897,"href":"https:\/\/laviedepapa.info\/index.php?rest_route=\/wp\/v2\/posts\/2890\/revisions\/2897"}],"wp:featuredmedia":[{"embeddable":true,"href":"https:\/\/laviedepapa.info\/index.php?rest_route=\/wp\/v2\/media\/2982"}],"wp:attachment":[{"href":"https:\/\/laviedepapa.info\/index.php?rest_route=%2Fwp%2Fv2%2Fmedia&parent=2890"}],"wp:term":[{"taxonomy":"category","embeddable":true,"href":"https:\/\/laviedepapa.info\/index.php?rest_route=%2Fwp%2Fv2%2Fcategories&post=2890"},{"taxonomy":"post_tag","embeddable":true,"href":"https:\/\/laviedepapa.info\/index.php?rest_route=%2Fwp%2Fv2%2Ftags&post=2890"}],"curies":[{"name":"wp","href":"https:\/\/api.w.org\/{rel}","templated":true}]}}