{"id":2889,"date":"2024-07-11T10:59:55","date_gmt":"2024-07-11T10:59:55","guid":{"rendered":"https:\/\/laviedepapa.info\/?p=2889"},"modified":"2024-07-13T19:19:07","modified_gmt":"2024-07-13T19:19:07","slug":"tedx-oser-etre-le-papa-que-vous-revez-detre","status":"publish","type":"post","link":"https:\/\/laviedepapa.info\/?p=2889","title":{"rendered":"TedX : Oser \u00eatre le papa que vous r\u00eavez d&rsquo;\u00eatre"},"content":{"rendered":"\n<p>Je suis convaincu que nous pouvons tous, \u00e0 notre mani\u00e8re, comme les colibris, contribuer \u00e0 changer le monde&#8230; C\u2019est l\u2019un de mes objectifs \u00e0 travers mon premier TedX (premier, car j\u2019aimerais renouveler l\u2019exp\u00e9rience un jour) o\u00f9 j\u2019ai eu la chance de prendre la parole \u00e0 la mi-septembre. Lors de cette conf\u00e9rence sur la paternit\u00e9, intitul\u00e9e <i>\u00ab Osez \u00eatre le papa que vous r\u00eavez d\u2019\u00eatre \u00bb<\/i>, j\u2019ai parl\u00e9 de paternit\u00e9, d\u2019oser repousser les diverses injonctions pour \u00eatre pleinement soi-m\u00eame. Et c\u2019est une petite fiert\u00e9 car c\u2019\u00e9tait le premier TedX sur le th\u00e8me de la paternit\u00e9 !<\/p>\n\n\n\n<p>Mon d\u00e9sir \u00e9tait d&rsquo;aller au-del\u00e0 d&rsquo;une simple conf\u00e9rence sur la paternit\u00e9. Ainsi, dans ce discours, je parle finalement de la vie en g\u00e9n\u00e9ral. De ne pas se limiter \u00e0 des cases, d\u2019oser cr\u00e9er sa propre v\u00e9rit\u00e9, sa propre m\u00e9lodie de vie.<\/p>\n\n\n\n<p>Maintenant, cette conf\u00e9rence ne m\u2019appartient plus. Elle va s\u2019envoler. J\u2019esp\u00e8re qu\u2019elle touchera vos c\u0153urs et vos esprits. Qu\u2019elle r\u00e9sonnera. Si ce que je partage avec passion dans ce discours vous interpelle, n\u2019h\u00e9sitez pas \u00e0 devenir aussi des colibris. Commentez et partagez !<\/p>\n\n\n\n<figure class=\"wp-block-embed is-type-video is-provider-youtube wp-block-embed-youtube wp-embed-aspect-16-9 wp-has-aspect-ratio\"><div class=\"wp-block-embed__wrapper\">\n<iframe loading=\"lazy\" title=\"Osez \u00eatre le papa que vous r\u00eavez d&#039;\u00eatre | Pascal Van Hoorne | TEDxSKEMAParis\" width=\"1170\" height=\"658\" src=\"https:\/\/www.youtube.com\/embed\/sVdQ0fxCFjI?feature=oembed\" frameborder=\"0\" allow=\"accelerometer; autoplay; clipboard-write; encrypted-media; gyroscope; picture-in-picture; web-share\" referrerpolicy=\"strict-origin-when-cross-origin\" allowfullscreen><\/iframe>\n<\/div><\/figure>\n\n\n\n<h2 class=\"wp-block-heading\">Quelques extraits de ma conf\u00e9rence TedX sur la paternit\u00e9<\/h2>\n\n\n\n<p>Ma nouvelle chanson de papa&#8230;<\/p>\n\n\n\n<p>J\u2019ai appris cette nouvelle m\u00e9lodie \u00e0 36 ans. Et je l\u2019ai entendue en st\u00e9r\u00e9o car je suis devenu papa de jumeaux, Zo\u00e9 et Hugo. J\u2019ai aussi eu la chance d\u2019entendre une toute autre petite musique sur mon chemin juste avant de devenir papa. Pour faire simple, elle m\u2019a dit que TOUT allait changer. Alors j\u2019ai d\u00e9cid\u00e9 de TOUT changer.<\/p>\n\n\n\n<p>Je suis pass\u00e9 de la caricature du Cadre Sup, toujours entre deux trains et deux avions, \u00e0 l\u2019homme \u00e9panoui dans son r\u00f4le de p\u00e8re et dans son travail. J\u2019ai \u00e9chang\u00e9 un gros salaire et un statut social contre du temps et du sens. J\u2019ai os\u00e9 changer de vie professionnelle en devenant papa. \u00c0 ce moment de vie o\u00f9 la soci\u00e9t\u00e9 impose la norme et la s\u00e9curit\u00e9, j\u2019y ai vu l\u2019opportunit\u00e9 d\u2019\u00e9crire une nouvelle page de vie. Aussi bien pour ma vie professionnelle que personnelle. J\u2019ai d\u00e9cid\u00e9 d\u2019OSER.<\/p>\n\n\n\n<p>J\u2019ai ainsi pu passer, et c\u2019est encore le cas aujourd\u2019hui, beaucoup de temps avec mes enfants. Les premi\u00e8res ann\u00e9es sont fondamentales pour leur d\u00e9veloppement. C\u2019est le moment o\u00f9 on leur donne la s\u00e9curit\u00e9 affective et \u00e9motionnelle dont ils ont besoin pour bien grandir. Et c\u2019est le moment o\u00f9 l\u2019on construit, avec eux, leur juste estime de soi et confiance en soi pour devenir les adultes qu\u2019ils seront demain.<\/p>\n\n\n\n<p>Mais j\u2019ai aussi vite compris que le disque de la chanson pouvait se gripper. Que la chanson pouvait s\u2019arr\u00eater d\u2019un coup, sans aller jusqu\u2019\u00e0 ses derni\u00e8res notes. Mes enfants sont n\u00e9s tr\u00e8s pr\u00e9matur\u00e9s. S\u2019en sont suivis deux mois \u00e0 l\u2019h\u00f4pital non-stop \u00e0 quatre. Une vie entre parenth\u00e8ses, en suspens, dans une bulle. Rythm\u00e9e par les bips des machines reli\u00e9es aux c\u0153urs de mes enfants. Puis, aux six mois de ma fille, nous avons d\u00fb lui faire subir une op\u00e9ration tr\u00e8s lourde. Une op\u00e9ration \u00e0 c\u0153ur ouvert.<\/p>\n\n\n\n<p>Aujourd\u2019hui, ils ont cinq ans et sont en pleine forme !<\/p>\n\n\n\n<p>Mais commencer ta chanson de papa sur ces notes te fait forc\u00e9ment r\u00e9fl\u00e9chir. J\u2019ai d\u00e9cid\u00e9, quelques temps apr\u00e8s leur naissance, de ne plus jamais avoir peur. De toujours oser. Et d\u2019aider les gens \u00e0 oser \u00eatre libres \u00e0 leur tour\u2026.<\/p>\n\n\n\n<h2 class=\"wp-block-heading\">Facile d\u2019\u00eatre papa ?<\/h2>\n\n\n\n<p>Facile ? Pas tant que \u00e7a quand on \u00e9coute mieux la chanson. Oui, la chanson de ce que doit \u00eatre un papa. Celle que l\u2019on nous chante depuis des si\u00e8cles. Et que l\u2019on a apprise par c\u0153ur sans s\u2019en rendre compte. Cette chanson que de nombreuses petites voix, port\u00e9es par soi-m\u00eame, la famille, les amis, les coll\u00e8gues, certains managers, certains livres, &#8230; chantent trop fort. Et qui disent que la parentalit\u00e9 <i>\u00ab c\u2019est une affaire de maman \u00bb<\/i>. Que le p\u00e8re n\u2019a pas une grande place dans la parentalit\u00e9 et qu\u2019il <i>\u00ab ne doit pas diminuer son engagement professionnel au d\u00e9triment de son enfant, pour apporter la s\u00e9curit\u00e9 financi\u00e8re \u00e0 sa famille \u00bb<\/i>.<\/p>\n\n\n\n<p>Oui, cette chanson du papa que l\u2019on conna\u00eet depuis des si\u00e8cles et qui nous parle de travail, de force, de s\u00e9curit\u00e9, de virilit\u00e9 m\u00eame. Et cela ne r\u00e9sonne pas bien avec ce que l\u2019on imagine du r\u00f4le du papa aujourd\u2019hui.<\/p>\n\n\n\n<p>Et si nous d\u00e9cidions d\u2019inventer notre propre chanson\u2026 Si nous d\u00e9cidions d\u2019\u00e9crire nos propres paroles. De repousser les injonctions. De casser le rythme trop lourd de cette chanson trop entendue. Et si nous osions \u00eatre le papa que nous avons vraiment envie d\u2019\u00eatre ?<\/p>\n\n\n\n<p>Car finalement, la paternit\u00e9, c\u2019est le moment o\u00f9 on se r\u00e9invente. Et o\u00f9 l\u2019on construit le monde de demain \u00e0 travers l\u2019\u00e9ducation de nos enfants. Alors oui ! Quand on devient papa, c\u2019est le moment d\u2019\u00eatre pleinement soi. Alors osons \u00eatre nous-m\u00eames, osons \u00eatre nous-m\u00eames loin des clich\u00e9s et st\u00e9r\u00e9otypes, osons \u00eatre libres, osons construire notre propre chemin d\u2019homme et de papa.<\/p>\n\n\n\n<h2 class=\"wp-block-heading\">La parentalit\u00e9 (et la paternit\u00e9) au c\u0153ur de la construction du monde de demain<\/h2>\n\n\n\n<p>Quand on devient parent, on se d\u00e9centre. Mais l\u00e0 o\u00f9 pendant longtemps les femmes devenues mamans osaient accepter ce changement, les hommes devenus papas restaient bloqu\u00e9s dans le sch\u00e9ma patriarcal impos\u00e9 par la soci\u00e9t\u00e9.<\/p>\n\n\n\n<p>Mais \u00e7a, c\u2019\u00e9tait hier.<\/p>\n\n\n\n<p>Aujourd\u2019hui, de plus en plus de papas s\u2019ouvrent et osent se remettre en question. Car ils comprennent que la parentalit\u00e9, et donc y compris la paternit\u00e9, est au centre de la construction de notre monde de demain.<\/p>\n\n\n\n<p>Prenons quelques sujets qui nous animent aujourd\u2019hui et qui sont fondateurs du monde de demain. Et voyons comment la parentalit\u00e9 y joue un r\u00f4le majeur.<\/p>\n\n\n\n<ul class=\"wp-block-list\">\n<li><p>L\u2019\u00e9galit\u00e9 Femme \/ Homme : aujourd\u2019hui, les femmes gagnent en moyenne 20% de moins que les hommes \u00e0 comp\u00e9tences \u00e9gales. Et le d\u00e9crochage de salaire se fait, les \u00e9tudes le montrent, au moment de la maternit\u00e9. Accepteriez-vous demain que votre fille gagne 20% de moins que ses coll\u00e8gues ?<\/p><\/li>\n\n\n\n<li><p>L\u2019ouverture sur la diff\u00e9rence : nous sommes tous diff\u00e9rents. D\u2019origine, d\u2019\u00e9ducation, de sexe, de sexualit\u00e9, de culture, de religions, \u2026. C\u2019est une richesse incroyable. Et pourtant, l\u2019intol\u00e9rance est palpable partout. Accepteriez-vous demain que votre fils soit point\u00e9 du doigt parce qu\u2019il est diff\u00e9rent ?<\/p><\/li>\n\n\n\n<li><p>L\u2019\u00e9quilibre vie pro\/vie perso : c\u2019est, avec le sens au travail, le premier facteur de choix de la nouvelle g\u00e9n\u00e9ration. C\u2019est un des enjeux majeurs des prochaines ann\u00e9es au sein des entreprises pour attirer et fid\u00e9liser les talents. Accepteriez-vous de consacrer tout votre temps et votre \u00e9nergie au travail, en passant \u00e0 c\u00f4t\u00e9 de votre famille ?<\/p><\/li>\n\n\n\n<li><p>L\u2019\u00e9cologie : l\u2019impact de notre vie sur la terre r\u00e9sonne diff\u00e9remment quand on devient parent. Accepteriez-vous de laisser une plan\u00e8te ab\u00eem\u00e9e \u00e0 vos enfants ?<\/p><\/li>\n<\/ul>\n","protected":false},"excerpt":{"rendered":"<p>Je suis convaincu que nous pouvons tous, \u00e0 notre mani\u00e8re, comme les colibris, contribuer \u00e0 changer le monde&#8230; C\u2019est l\u2019un de mes objectifs \u00e0 travers mon premier TedX (premier, car j\u2019aimerais renouveler l\u2019exp\u00e9rience un jour) o\u00f9 j\u2019ai eu la chance de prendre la parole \u00e0 la mi-septembre. Lors de cette conf\u00e9rence sur la paternit\u00e9, intitul\u00e9e [&hellip;]<\/p>\n","protected":false},"author":1,"featured_media":2981,"comment_status":"open","ping_status":"open","sticky":false,"template":"","format":"standard","meta":{"footnotes":""},"categories":[19],"tags":[],"class_list":{"0":"post-2889","1":"post","2":"type-post","3":"status-publish","4":"format-standard","5":"has-post-thumbnail","7":"category-temoignage"},"_links":{"self":[{"href":"https:\/\/laviedepapa.info\/index.php?rest_route=\/wp\/v2\/posts\/2889","targetHints":{"allow":["GET"]}}],"collection":[{"href":"https:\/\/laviedepapa.info\/index.php?rest_route=\/wp\/v2\/posts"}],"about":[{"href":"https:\/\/laviedepapa.info\/index.php?rest_route=\/wp\/v2\/types\/post"}],"author":[{"embeddable":true,"href":"https:\/\/laviedepapa.info\/index.php?rest_route=\/wp\/v2\/users\/1"}],"replies":[{"embeddable":true,"href":"https:\/\/laviedepapa.info\/index.php?rest_route=%2Fwp%2Fv2%2Fcomments&post=2889"}],"version-history":[{"count":1,"href":"https:\/\/laviedepapa.info\/index.php?rest_route=\/wp\/v2\/posts\/2889\/revisions"}],"predecessor-version":[{"id":2896,"href":"https:\/\/laviedepapa.info\/index.php?rest_route=\/wp\/v2\/posts\/2889\/revisions\/2896"}],"wp:featuredmedia":[{"embeddable":true,"href":"https:\/\/laviedepapa.info\/index.php?rest_route=\/wp\/v2\/media\/2981"}],"wp:attachment":[{"href":"https:\/\/laviedepapa.info\/index.php?rest_route=%2Fwp%2Fv2%2Fmedia&parent=2889"}],"wp:term":[{"taxonomy":"category","embeddable":true,"href":"https:\/\/laviedepapa.info\/index.php?rest_route=%2Fwp%2Fv2%2Fcategories&post=2889"},{"taxonomy":"post_tag","embeddable":true,"href":"https:\/\/laviedepapa.info\/index.php?rest_route=%2Fwp%2Fv2%2Ftags&post=2889"}],"curies":[{"name":"wp","href":"https:\/\/api.w.org\/{rel}","templated":true}]}}