{"id":2888,"date":"2024-07-11T10:58:45","date_gmt":"2024-07-11T10:58:45","guid":{"rendered":"https:\/\/laviedepapa.info\/?p=2888"},"modified":"2024-07-13T19:19:02","modified_gmt":"2024-07-13T19:19:02","slug":"pierre-edouard-batard-un-leader-engage-pour-la-parentalite-en-entreprise","status":"publish","type":"post","link":"https:\/\/laviedepapa.info\/?p=2888","title":{"rendered":"Pierre-Edouard Batard : un leader engag\u00e9 pour la parentalit\u00e9 en entreprise"},"content":{"rendered":"\n<p>Comme vous le savez, la dur\u00e9e du cong\u00e9 paternit\u00e9 (ou second parent) a \u00e9t\u00e9 prolong\u00e9e depuis le 1er juillet 2021. Elle est maintenant de 28 jours au lieu de 11. Peut-\u00eatre vous en souvenez-vous, je me suis engag\u00e9 dans ce domaine avec un groupe de p\u00e8res. Depuis, je continue \u00e0 soutenir cette cause. En effet, au-del\u00e0 de la l\u00e9gislation, il est crucial de faciliter l&rsquo;application du cong\u00e9 paternit\u00e9, tant pour les p\u00e8res que pour les entreprises. C&rsquo;est une \u00e9volution culturelle, et le cong\u00e9 paternit\u00e9 en entreprise doit \u00eatre soutenu pour qu&rsquo;il soit v\u00e9ritablement utilis\u00e9 par les p\u00e8res.<\/p>\n\n\n\n<h2 class=\"wp-block-heading\">Un dirigeant exemplaire et engag\u00e9<\/h2>\n\n\n\n<p>Dans ce contexte, j&rsquo;ai eu l&rsquo;occasion d&rsquo;interviewer Pierre-Edouard Batard, Directeur G\u00e9n\u00e9ral de la Conf\u00e9d\u00e9ration Nationale du Cr\u00e9dit Mutuel. \u00c0 37 ans, Pierre-Edouard est devenu p\u00e8re. Avec sa femme, il a choisi de prendre un cong\u00e9 paternit\u00e9 de 3 mois. Son engagement est significatif, car l&rsquo;exemplarit\u00e9 est essentielle pour provoquer des changements. Nous avons besoin de mod\u00e8les pour inspirer et motiver. Lorsqu&rsquo;un DG d&rsquo;une entreprise de plus de 83 000 salari\u00e9s prend un cong\u00e9 paternit\u00e9 de 3 mois, le message est fort. Voici le portrait d&rsquo;un leader inspirant et engag\u00e9 !<\/p>\n\n\n\n<h2 class=\"wp-block-heading\">Un enfant, une d\u00e9cision \u00e0 deux<\/h2>\n\n\n\n<p>En couple depuis 10 ans, Pierre-Edouard, \u00e2g\u00e9 de 37 ans, a d\u00e9j\u00e0 un parcours professionnel impressionnant. Form\u00e9 en ing\u00e9nierie et en \u00e9conomie avec une forte sensibilit\u00e9 sociale, il a travaill\u00e9 plusieurs ann\u00e9es au Minist\u00e8re des Finances avant de rejoindre le Cr\u00e9dit Mutuel fin 2017 en tant que Directeur G\u00e9n\u00e9ral Adjoint. En mars 2019, il devient DG. <i>\u00ab Le Cr\u00e9dit Mutuel est un groupe tr\u00e8s d\u00e9centralis\u00e9. Je dirige l&rsquo;organe central (le si\u00e8ge national) avec une \u00e9quipe de 250 personnes, mais pas le groupe \u00bb<\/i>, pr\u00e9cise-t-il. Son \u00e9pouse, elle aussi, m\u00e8ne une carri\u00e8re enrichissante dans le secteur des \u00e9nergies renouvelables.<\/p>\n\n\n\n<p>Initialement, l&rsquo;id\u00e9e de fonder une famille n&rsquo;\u00e9tait pas \u00e9vidente pour le couple. <i>\u00ab Ma femme, f\u00e9ministe convaincue, ne voulait pas d&rsquo;enfants au d\u00e9part. Nous avons beaucoup discut\u00e9 et \u00e9volu\u00e9 ensemble. Elle \u00e9tait d&rsquo;accord pour avoir un enfant \u00e0 condition que nous partagions tout \u00e0 \u00e9galit\u00e9, 50\/50 \u00bb<\/i>. La parentalit\u00e9 soul\u00e8ve plusieurs interrogations. <i>\u00ab Ma conjointe me demandait : \u00ab\u00a0Quelles garanties peux-tu me donner pour que je ne renonce pas \u00e0 mon \u00e9quilibre vie pro\/vie perso ? Comment pouvons-nous traduire nos convictions personnelles au quotidien ?\u00a0\u00bb \u00bb<\/i>. Une solution a \u00e9t\u00e9 trouv\u00e9e avec un long cong\u00e9 paternit\u00e9. <i>\u00ab Nous voulions \u00eatre \u00e0 \u00e9galit\u00e9, donc j&rsquo;ai d\u00e9cid\u00e9 de prendre un cong\u00e9 paternit\u00e9 aussi long que son cong\u00e9 maternit\u00e9. Le cong\u00e9 l\u00e9gal post-accouchement dure 10 semaines, j&rsquo;ai donc pris 3 mois \u00bb<\/i>.<\/p>\n\n\n\n<h2 class=\"wp-block-heading\">Un choix personnel et exemplaire<\/h2>\n\n\n\n<p>Une fois la d\u00e9cision prise, il fallait en informer le pr\u00e9sident du Groupe. <i>\u00ab Je lui ai annonc\u00e9 que je prendrais 3 mois pour mon cong\u00e9 paternit\u00e9, et que ce n&rsquo;\u00e9tait pas n\u00e9gociable. Sa r\u00e9action a \u00e9t\u00e9 claire : \u00ab\u00a0C&rsquo;est g\u00e9nial, profitez-en !\u00a0\u00bb \u00bb<\/i>. En tant que mandataire social, Pierre-Edouard a pris ses 3 mois sans solde, mais cela lui semblait \u00e9vident. <i>\u00ab C&rsquo;est une demande personnelle, mais aussi un acte politique envers l&rsquo;entreprise et au-del\u00e0. Je voulais montrer que c&rsquo;est possible et donner l&rsquo;exemple. Aujourd&rsquo;hui, prendre une telle d\u00e9cision est encore per\u00e7u comme un abandon de ses responsabilit\u00e9s et un risque professionnel. Mais mon d\u00e9sir d&rsquo;\u00eatre pr\u00e9sent pour mon enfant et ma femme \u00e9tait primordial \u00bb<\/i>.<\/p>\n\n\n\n<p>Quand son fils, Ange, est n\u00e9, Pierre-Edouard dirigeait la Conf\u00e9d\u00e9ration depuis 2 ans. <i>\u00ab J&rsquo;avais d\u00e9j\u00e0 mis en place des transformations et organis\u00e9 un partage des responsabilit\u00e9s avec mon adjointe. J&rsquo;ai pu partir sereinement \u00bb<\/i>. Pierre-Edouard a pleinement profit\u00e9 de ses 3 mois de cong\u00e9 paternit\u00e9. <i>\u00ab J&rsquo;ai vraiment coup\u00e9 avec mes responsabilit\u00e9s, ne passant qu&rsquo;un appel tous les 15 jours pour suivre les grandes lignes \u00bb<\/i>.<\/p>\n\n\n\n<h2 class=\"wp-block-heading\">Le cong\u00e9 paternit\u00e9 : un levier pour l&rsquo;\u00e9galit\u00e9 femmes-hommes<\/h2>\n\n\n\n<p>En tant que Directeur G\u00e9n\u00e9ral, Pierre-Edouard a observ\u00e9 diverses r\u00e9actions au sein de ses \u00e9quipes apr\u00e8s l&rsquo;annonce de sa d\u00e9cision. <i>\u00ab Toutes les femmes ont salu\u00e9 ma d\u00e9cision, quelle que soit leur g\u00e9n\u00e9ration. Pour les hommes, les r\u00e9actions \u00e9taient plus contrast\u00e9es. Les plus \u00e2g\u00e9s ont r\u00e9agi positivement en regrettant de ne pas avoir \u00e9t\u00e9 plus pr\u00e9sents pour leur famille, tandis que les jeunes p\u00e8res ressentaient une pression \u00e0 faire de m\u00eame \u00bb<\/i>. Mais globalement, les r\u00e9actions \u00e9taient tr\u00e8s positives. <i>\u00ab Pour moi, c&rsquo;est une d\u00e9cision bien per\u00e7ue dans mon entreprise, tout le monde m&rsquo;a f\u00e9licit\u00e9. C&rsquo;est injuste car souvent pour les femmes, la parentalit\u00e9 impacte n\u00e9gativement leur carri\u00e8re \u00bb<\/i>.<\/p>\n\n\n\n<p>Pour Pierre-Edouard, les entreprises doivent \u00e9voluer sur ce sujet. <i>\u00ab L&rsquo;entreprise doit g\u00e9rer la parentalit\u00e9 de mani\u00e8re positive et \u00e9quitable pour les femmes et les hommes. Oui, la parentalit\u00e9 a un impact sur la vie professionnelle, mais cela peut \u00eatre anticip\u00e9. On peut organiser les absences en recourant \u00e0 des CDD ou \u00e0 l&rsquo;int\u00e9rim \u00bb<\/i>. Il est convaincu qu&rsquo;une meilleure gestion de la paternit\u00e9 et de la parentalit\u00e9 est un vecteur puissant d&rsquo;\u00e9galit\u00e9 professionnelle. <i>\u00ab Si les hommes prennent leur place, cela contribue \u00e0 une plus grande \u00e9galit\u00e9. Cela permet aux femmes qui le souhaitent de prendre plus de responsabilit\u00e9s professionnelles. C&rsquo;est b\u00e9n\u00e9fique pour tout le monde, tant pour les individus que pour les organisations. Et au-del\u00e0 du monde professionnel, un homme qui prend sa place de papa am\u00e9liore aussi son couple \u00bb<\/i>.<\/p>\n\n\n\n<h2 class=\"wp-block-heading\">Une politique globale de parentalit\u00e9 en entreprise<\/h2>\n\n\n\n<p>Le Cr\u00e9dit Mutuel \u00e9tait quelque peu en retard sur ce sujet. <i>\u00ab Nous avons sign\u00e9 des accords tr\u00e8s favorables pour les femmes mais peu pour les p\u00e8res. Cela accentue les in\u00e9galit\u00e9s, surtout lors des promotions internes \u00bb<\/i>. Il ajoute : <i>\u00ab Nous avons une parit\u00e9 parmi les charg\u00e9s de client\u00e8le, mais l&rsquo;in\u00e9galit\u00e9 se creuse lors des promotions pour devenir Directeur d&rsquo;Agence, souvent \u00e0 la m\u00eame p\u00e9riode que l&rsquo;arriv\u00e9e des enfants. Cela p\u00e9nalise souvent les femmes dans leur progression professionnelle \u00bb<\/i>.<\/p>\n\n\n\n<p>Les principaux dirigeants du Cr\u00e9dit Mutuel ont pris \u00e0 c\u0153ur ce sujet. <i>\u00ab Plusieurs de nos f\u00e9d\u00e9rations en ont fait un point strat\u00e9gique pour les ann\u00e9es \u00e0 venir. Nos enjeux sont de rattraper le d\u00e9calage de r\u00e9mun\u00e9ration entre femmes et hommes et de cr\u00e9er des conditions de promotion internes non p\u00e9nalisantes \u00bb<\/i>. Par exemple, les promotions \u00e0 l&rsquo;\u00e9cole des directeurs seront strictement paritaires. <i>\u00ab Un plan sur 3 ans vise \u00e9galement la parit\u00e9 compl\u00e8te dans les fonctions ex\u00e9cutives \u00bb<\/i>.<\/p>\n\n\n\n<p>Pierre-Edouard est conscient que le chemin sera long. <i>\u00ab C&rsquo;est un changement culturel profond qui prend du temps \u00bb<\/i>. Pour impulser cette dynamique, il aligne ses convictions personnelles avec sa r\u00e9alit\u00e9 professionnelle. <i>\u00ab J&rsquo;ai choisi une femme comme adjointe et j&rsquo;ai plus de femmes que d&rsquo;hommes dans mon Comit\u00e9 de Direction. Lors des augmentations annuelles, je surveille de pr\u00e8s les indicateurs de parit\u00e9 \u00bb<\/i>. Son cong\u00e9 paternit\u00e9 de 3 mois est un autre signal fort d&rsquo;exemplarit\u00e9. Il sait aussi que l&rsquo;int\u00e9gration de la parentalit\u00e9 en entreprise est un facteur d&rsquo;attractivit\u00e9 des talents. <i>\u00ab La nouvelle g\u00e9n\u00e9ration a ces attentes. Nous devons nous adapter et proposer des services ou une organisation permettant de concilier vie professionnelle et vie personnelle \u00bb<\/i>.<\/p>\n\n\n\n<h2 class=\"wp-block-heading\">Une nouvelle organisation de vie<\/h2>\n\n\n\n<p>Durant ses 3 mois de cong\u00e9 paternit\u00e9, Pierre-Edouard s&rsquo;est beaucoup impliqu\u00e9. <i>\u00ab On pense souvent \u00e0 la naissance, mais les semaines suivant l&rsquo;accouchement, le post-partum, sont critiques pour les femmes. Je me suis \u00e9norm\u00e9ment impliqu\u00e9 pour que ma femme puisse r\u00e9cup\u00e9rer \u00bb<\/i>.<\/p>\n\n\n\n<p>\u00c0 son retour, il a modifi\u00e9 son organisation de travail. <i>\u00ab Avant, je travaillais \u00e9norm\u00e9ment. Depuis l&rsquo;arriv\u00e9e d&rsquo;Ange, j&rsquo;ai chang\u00e9 mon emploi du temps. Nous allons chercher notre fils \u00e0 la cr\u00e8che chacun notre tour. Je termine le travail deux jours par semaine \u00e0 17h30 et je reprends le soir. Mon objectif est d&rsquo;encourager les p\u00e8res de mon \u00e9quipe \u00e0 quitter le travail plus t\u00f4t \u00e9galement \u00bb<\/i>.<\/p>\n\n\n\n<h2 class=\"wp-block-heading\">\u00c9quilibre vie professionnelle-vie personnelle<\/h2>\n\n\n\n<p>Avant son cong\u00e9 paternit\u00e9, Pierre-Edouard s&rsquo;\u00e9tait bien pr\u00e9par\u00e9. Il a suivi une formation \u00e0 l&rsquo;Atelier du Futur Papa et lu beaucoup de livres sur la parentalit\u00e9. \u00c0 la naissance d&rsquo;Ange, il \u00e9tait pr\u00eat. <i>\u00ab J&rsquo;ai fait toutes les nuits les deux premi\u00e8res semaines pour que ma femme puisse r\u00e9cup\u00e9rer. Ensuite, nous alternions \u00bb<\/i>. Pierre-Edouard appr\u00e9cie son investissement. <i>\u00ab Je suis le papa d&rsquo;Ange \u00e0 100%. Prendre ce long cong\u00e9 paternit\u00e9 \u00e9tait essentiel pour moi. Cela contribue au bonheur intense que nous vivons dans notre couple et ma relation avec mon fils. Ces moments sont rares et pr\u00e9cieux \u00bb<\/i>. Gr\u00e2ce \u00e0 son cong\u00e9, il a pu profiter pleinement de son b\u00e9b\u00e9. <i>\u00ab Au niveau professionnel, il est rare de pouvoir d\u00e9connecter compl\u00e8tement. Pendant 3 mois, je n&rsquo;ai pens\u00e9 qu&rsquo;\u00e0 mon fils et ma femme \u00bb<\/i>.<\/p>\n\n\n\n<p>Depuis sa reprise, Pierre-Edouard continue de maintenir un bon \u00e9quilibre entre vie professionnelle et personnelle. <i>\u00ab Avoir un enfant oblige \u00e0 \u00eatre plus organis\u00e9, \u00e0 aller \u00e0 l&rsquo;essentiel et \u00e0 prendre du recul \u00bb<\/i>. Parfois, cela signifie refuser certaines invitations. <i>\u00ab Aujourd&rsquo;hui, je d\u00e9cline certaines invitations le soir, m\u00eame si elles font partie de mon travail. Je pr\u00e9f\u00e8re privil\u00e9gier ma famille \u00bb<\/i>.<\/p>\n\n\n\n<h2 class=\"wp-block-heading\">Un engagement dans l&rsquo;\u00e9ducation<\/h2>\n\n\n\n<p>Actuellement, Ange n&rsquo;a que 5 mois, mais ses parents souhaitent lui transmettre des valeurs d&rsquo;\u00e9galit\u00e9. <i>\u00ab Quand nous avons su que c&rsquo;\u00e9tait un gar\u00e7on, notre enjeu \u00e9tait de lui apprendre \u00e0 respecter les femmes. Le pire serait qu&rsquo;il devienne masculiniste (NDRL : le masculinisme est un courant anti-f\u00e9ministe visant \u00e0 prot\u00e9ger les int\u00e9r\u00eats des hommes issus du patriarcat). Nous voulons qu&rsquo;il respecte l&rsquo;alt\u00e9rit\u00e9 des femmes. \u00c9duquer un gar\u00e7on de mani\u00e8re non genr\u00e9e semble plus difficile \u00bb<\/i>.<\/p>\n\n\n\n<p>Quand il sera plus grand, Ange comprendra l&rsquo;engagement de ses parents. Pierre-Edouard est combl\u00e9 par son r\u00f4le de p\u00e8re. <i>\u00ab Tout change lorsque je retrouve mon fils et qu&rsquo;il me sourit. Je n&rsquo;avais pas anticip\u00e9 la puissance de cet amour. Devenir papa m&rsquo;a rendu bien plus heureux que je ne pouvais l&rsquo;imaginer \u00bb<\/i>.<\/p>\n","protected":false},"excerpt":{"rendered":"<p>Comme vous le savez, la dur\u00e9e du cong\u00e9 paternit\u00e9 (ou second parent) a \u00e9t\u00e9 prolong\u00e9e depuis le 1er juillet 2021. Elle est maintenant de 28 jours au lieu de 11. Peut-\u00eatre vous en souvenez-vous, je me suis engag\u00e9 dans ce domaine avec un groupe de p\u00e8res. Depuis, je continue \u00e0 soutenir cette cause. En effet, [&hellip;]<\/p>\n","protected":false},"author":1,"featured_media":2980,"comment_status":"open","ping_status":"open","sticky":false,"template":"","format":"standard","meta":{"footnotes":""},"categories":[19],"tags":[],"class_list":{"0":"post-2888","1":"post","2":"type-post","3":"status-publish","4":"format-standard","5":"has-post-thumbnail","7":"category-temoignage"},"_links":{"self":[{"href":"https:\/\/laviedepapa.info\/index.php?rest_route=\/wp\/v2\/posts\/2888","targetHints":{"allow":["GET"]}}],"collection":[{"href":"https:\/\/laviedepapa.info\/index.php?rest_route=\/wp\/v2\/posts"}],"about":[{"href":"https:\/\/laviedepapa.info\/index.php?rest_route=\/wp\/v2\/types\/post"}],"author":[{"embeddable":true,"href":"https:\/\/laviedepapa.info\/index.php?rest_route=\/wp\/v2\/users\/1"}],"replies":[{"embeddable":true,"href":"https:\/\/laviedepapa.info\/index.php?rest_route=%2Fwp%2Fv2%2Fcomments&post=2888"}],"version-history":[{"count":1,"href":"https:\/\/laviedepapa.info\/index.php?rest_route=\/wp\/v2\/posts\/2888\/revisions"}],"predecessor-version":[{"id":2895,"href":"https:\/\/laviedepapa.info\/index.php?rest_route=\/wp\/v2\/posts\/2888\/revisions\/2895"}],"wp:featuredmedia":[{"embeddable":true,"href":"https:\/\/laviedepapa.info\/index.php?rest_route=\/wp\/v2\/media\/2980"}],"wp:attachment":[{"href":"https:\/\/laviedepapa.info\/index.php?rest_route=%2Fwp%2Fv2%2Fmedia&parent=2888"}],"wp:term":[{"taxonomy":"category","embeddable":true,"href":"https:\/\/laviedepapa.info\/index.php?rest_route=%2Fwp%2Fv2%2Fcategories&post=2888"},{"taxonomy":"post_tag","embeddable":true,"href":"https:\/\/laviedepapa.info\/index.php?rest_route=%2Fwp%2Fv2%2Ftags&post=2888"}],"curies":[{"name":"wp","href":"https:\/\/api.w.org\/{rel}","templated":true}]}}