{"id":2887,"date":"2024-07-11T10:58:30","date_gmt":"2024-07-11T10:58:30","guid":{"rendered":"https:\/\/laviedepapa.info\/?p=2887"},"modified":"2024-07-13T19:18:58","modified_gmt":"2024-07-13T19:18:58","slug":"un-pere-face-au-cancer-une-histoire-de-resilience-et-de-transformation","status":"publish","type":"post","link":"https:\/\/laviedepapa.info\/?p=2887","title":{"rendered":"Un p\u00e8re face au cancer : une histoire de r\u00e9silience et de transformation"},"content":{"rendered":"\n<p>Depuis plusieurs ann\u00e9es, le nombre de cas de cancer est en forte augmentation en France. Selon la fondation ARC, c\u2019est d\u00e9sormais la premi\u00e8re cause de mortalit\u00e9 dans le pays. Cette maladie, sous toutes ses formes, touche toutes les familles. Nous avons tous un proche qui a travers\u00e9 ces \u00e9preuves. Parfois, les histoires sont encore plus poignantes, notamment quand le cancer frappe de jeunes parents. Papa et cancer ne sont pas des termes que l\u2019on associe g\u00e9n\u00e9ralement. Pourtant, c\u2019est aussi une r\u00e9alit\u00e9.<\/p>\n\n\n\n<p>Je vais vous raconter l\u2019histoire de Guillaume. Deux mois et demi apr\u00e8s \u00eatre devenu p\u00e8re, il bascule en 24 heures dans un autre monde. Son pronostic vital est engag\u00e9. C\u2019est son amour pour son fils qui le sauve, lui donnant l\u2019envie de se battre. L\u2019histoire de Guillaume va au-del\u00e0 de celle d\u2019un p\u00e8re et du cancer. C\u2019est une histoire d\u2019amour, de force et de r\u00e9silience qui conduit \u00e0 une prise de conscience et \u00e0 un changement de vie. C\u2019est l\u2019histoire d\u2019un homme solaire, simple et authentique, qui a su transformer le n\u00e9gatif en positif et le drame en bonheur intense.<\/p>\n\n\n\n<h2 class=\"wp-block-heading\">Le jour o\u00f9 tout a bascul\u00e9<\/h2>\n\n\n\n<p>Guillaume vit dans le Sud de la France depuis avril 2016. Travailleur acharn\u00e9, il est en d\u00e9placement \u00ab <i>du lundi au vendredi, \u00e0 travers l\u2019Europe<\/i> \u00bb pour un grand groupe. En couple, il devient papa, un peu par surprise, \u00e0 40 ans. \u00ab <i>J\u2019ai toujours voulu \u00eatre p\u00e8re mais cela ne se produisait pas. Et un jour, j\u2019ai re\u00e7u le plus beau cadeau pour mes 40 ans !<\/i> \u00bb. Cependant, il ne modifie pas son engagement professionnel. \u00ab <i>J\u2019\u00e9tais peu impliqu\u00e9 dans ma paternit\u00e9, pris dans l\u2019agitation du travail et les fausses excuses<\/i> \u00bb.<\/p>\n\n\n\n<p>Un jour, en novembre 2016, alors que son fils Paul a deux mois et demi, tout bascule. Guillaume tombe gravement malade et est emmen\u00e9 aux urgences en soins intensifs. Son pronostic vital est engag\u00e9. \u00ab <i>On m\u2019a dit que dans deux \u00e0 quatre heures, la vie pouvait s\u2019arr\u00eater<\/i> \u00bb. La nuit qui suit est difficile. L\u2019\u00e9quipe m\u00e9dicale tente de le stabiliser gr\u00e2ce \u00e0 la cortisone et aux injections de prises de sang et de plaquettes. Le lendemain matin, le diagnostic tombe. \u00ab <i>J\u2019ai entendu pour la premi\u00e8re fois de ma vie le mot leuc\u00e9mie, le cancer du sang. Le mot cancer a \u00e9t\u00e9 prononc\u00e9<\/i> \u00bb.<\/p>\n\n\n\n<h2 class=\"wp-block-heading\">Une vie en suspens<\/h2>\n\n\n\n<p>Avec le diagnostic pos\u00e9, les choses s\u2019acc\u00e9l\u00e8rent. \u00ab <i>J\u2019\u00e9tais devenu un X-men, mes brins d\u2019ADN avaient mut\u00e9. On m\u2019a dit qu\u2019ils feraient tout pour me sauver la vie mais qu\u2019il n\u2019y avait que 2 % de chance de m\u2019en sortir<\/i> \u00bb. Guillaume commence alors un traitement de huit mois. Apr\u00e8s quatre mois de chimioth\u00e9rapie, l\u2019\u00e9quipe m\u00e9dicale proc\u00e8de \u00e0 une greffe de cellules souches. \u00ab <i>Ma m\u00e8re a \u00e9t\u00e9 ma donneuse. Elle m\u2019a donn\u00e9 la vie une seconde fois<\/i> \u00bb.<\/p>\n\n\n\n<p>Durant ces huit mois, Guillaume reste en chambre st\u00e9rile. \u00ab <i>Quand j\u2019ai quitt\u00e9 la maison pour aller en urgence \u00e0 l\u2019h\u00f4pital, je n\u2019ai m\u00eame pas eu le temps d\u2019embrasser ma femme et mon fils. Et quand j\u2019ai appris le diagnostic de mon cancer, je ne savais m\u00eame pas si j\u2019allais les revoir<\/i> \u00bb. Pendant cette p\u00e9riode, il ne peut voir son fils. \u00ab <i>Je m\u2019accrochais \u00e0 nos appels vid\u00e9o<\/i> \u00bb.<\/p>\n\n\n\n<h2 class=\"wp-block-heading\">Son fils, son moteur<\/h2>\n\n\n\n<p>Durant son isolement en chambre st\u00e9rile, toutes ses pens\u00e9es se tournent vers son fils Paul. \u00ab <i>Je passais mon temps \u00e0 faire d\u00e9filer les photos de mon fils sur mon t\u00e9l\u00e9phone<\/i> \u00bb. Sous morphine 24h\/24, il plane un peu. \u00ab <i>Les infirmi\u00e8res me disaient que durant mes \u00ab d\u00e9lires \u00bb, je ne parlais que de mon fils<\/i> \u00bb. Cette p\u00e9riode change tout pour Guillaume. \u00ab <i>J\u2019ai pris conscience de l\u2019importance de mon fils. Je me disais que je ne pouvais pas mourir. J\u2019avais attendu 40 ans pour qu\u2019il soit dans ma vie. Je voulais \u00eatre avec lui. C\u2019\u00e9tait mon moteur. Mon moteur psychologique, physique, moral et mental<\/i> \u00bb.<\/p>\n\n\n\n<p>Son fils lui donne la force de s\u2019en sortir. \u00ab <i>Sans enfant, je ne sais pas si j\u2019aurais autant lutt\u00e9. Il m\u2019a apport\u00e9 cette \u00e9nergie. Et il avait toujours le sourire durant nos vid\u00e9os. Je devais me battre pour lui<\/i> \u00bb. Guillaume se fait alors une promesse. \u00ab <i>Si je m\u2019en sors, mon fils sera ma priorit\u00e9. Ce sera lui ou rien d\u2019autre. Il m\u2019a tellement donn\u00e9 que c\u2019\u00e9tait impossible de ne pas lui redonner du temps<\/i> \u00bb. Papa et cancer ou le d\u00e9but d\u2019un changement de vie\u2026<\/p>\n\n\n\n<h2 class=\"wp-block-heading\">Une vie \u00e0 reconstruire<\/h2>\n\n\n\n<p>Fin 2017, Guillaume sort de l\u2019h\u00f4pital. C\u2019est alors le d\u00e9but d\u2019une lente reconstruction. \u00ab <i>J\u2019ai perdu 54 kg durant mes huit mois \u00e0 l\u2019h\u00f4pital. Et \u00e0 ma sortie, j\u2019ai encha\u00een\u00e9 deux ans et demi difficiles avec des complications, des traitements violents, des alternances tr\u00e8s fortes dans mon moral, &#8230;<\/i> \u00bb. Et \u00e9videmment, ce n\u2019est pas simple non plus pour son entourage. \u00ab <i>C\u2019\u00e9tait dur pour ma femme mais elle a \u00e9t\u00e9 hyper courageuse<\/i> \u00bb. Malheureusement, une telle maladie laisse des traces et le couple finit par se s\u00e9parer.<\/p>\n\n\n\n<p>Fid\u00e8le \u00e0 sa promesse, Guillaume d\u00e9cide malgr\u00e9 tout de s\u2019occuper de son fils. \u00ab <i>Il devait aller \u00e0 la cr\u00e8che mais j\u2019ai d\u00e9cid\u00e9 de m\u2019en occuper. Vu mon \u00e9tat, c\u2019\u00e9tait parfois difficile. Mais j\u2019\u00e9tais soutenu par mon ex-femme et mon ex-beau-p\u00e8re<\/i> \u00bb. Et comment aborder le cancer avec son enfant ? \u00ab <i>On a tout fait pour pr\u00e9server Paul. Mais ce sujet a \u00e9t\u00e9 une source de tensions au sein de notre couple. Mon ex-femme ne voulait pas en parler (elle avait d\u00e9j\u00e0 perdu sa m\u00e8re et sa s\u0153ur d\u2019un cancer). Et moi je voulais ne rien lui cacher. Je voulais lui en parler mais avec des mots d\u2019enfants. Cela fait partie de mon quotidien. Durant ma convalescence, j\u2019avais 27 m\u00e9dicaments \u00e0 prendre par jour et quatre visites par jour des infirmi\u00e8res. On ne pouvait pas le lui cacher. Aujourd\u2019hui, j\u2019ai juste un rendez-vous de contr\u00f4le \u00e0 l\u2019h\u00f4pital tous les deux mois et il le sait. Il n\u2019entend pas le mot cancer mais les mots h\u00f4pital, ou fragilit\u00e9<\/i> \u00bb. Pour un jour lui dire toute la v\u00e9rit\u00e9 et lui raconter tout ce qu\u2019il lui a apport\u00e9, Guillaume lui a \u00e9crit une lettre. \u00ab <i>Je la lui donnerai quand il aura 18 ans\u2026 ou quand il sera p\u00e8re<\/i> \u00bb.<\/p>\n\n\n\n<h2 class=\"wp-block-heading\">Le choix de nouveaux essentiels<\/h2>\n\n\n\n<p>Fin 2019, Guillaume se r\u00e9tablit et s\u2019appr\u00eate \u00e0 reprendre son travail. \u00ab <i>Mon entourage m\u2019a alert\u00e9 que je risquais de retomber dans mes anciennes habitudes, dangereuses pour ma sant\u00e9<\/i> \u00bb. Ces mots r\u00e9sonnent pour Guillaume et provoquent un d\u00e9clic. \u00ab <i>Je me suis demand\u00e9 quel p\u00e8re je voulais \u00eatre. J\u2019ai compris que j\u2019avais eu une deuxi\u00e8me chance et que je devais la saisir<\/i> \u00bb. Changer de vie pour se reconnecter \u00e0 l\u2019essentiel. Guillaume d\u00e9cide de quitter son emploi. Il entame alors un bilan de comp\u00e9tences pour trouver un m\u00e9tier avec du sens et un bon \u00e9quilibre entre vie professionnelle et personnelle. Il choisit de devenir coach et formateur. Son ancien manager comprend et lui propose de retravailler ensemble, mais en tant qu\u2019ind\u00e9pendant et \u00e0 ses conditions.<\/p>\n\n\n\n<p>Ses nouveaux essentiels sont pos\u00e9s. \u00ab <i>Je veux pouvoir d\u00e9cider et m\u2019organiser comme je veux. Ce qui me guide c\u2019est mon temps, mon \u00e9nergie et mon fils. J\u2019ai d\u00e9cid\u00e9 de positiver ma col\u00e8re. Finalement, le cancer a \u00e9t\u00e9 une chance pour moi. C\u2019\u00e9tait tr\u00e8s dur. Mais quand je vois qui je suis aujourd\u2019hui, je me dis que je devais en passer par l\u00e0<\/i> \u00bb. Guillaume r\u00e9sume ses nouveaux essentiels en une phrase. \u00ab <i>Je gagne deux fois moins ma vie mais je suis mille fois plus heureux<\/i> \u00bb.<\/p>\n\n\n\n<h2 class=\"wp-block-heading\">L\u2019\u00e9quilibre vie pro-vie perso du papa<\/h2>\n\n\n\n<p>Le duo \u00ab Papa et cancer \u00bb cr\u00e9e sa nouvelle vie. Aujourd\u2019hui, suite \u00e0 son divorce, Paul est en garde altern\u00e9e une semaine sur deux. Et Guillaume s\u2019occupe de Paul tous les mercredis. \u00ab <i>Les semaines o\u00f9 j\u2019ai Paul, je termine de travailler \u00e0 16h. Et si besoin (mais c\u2019est rare), je retravaille \u00e0 21h. Les semaines o\u00f9 il n\u2019est pas avec moi, c\u2019est le m\u00eame rythme mais avec du temps pour moi<\/i> \u00bb. Guillaume peut ainsi se consacrer \u00e0 ses passions comme le sport ou la batterie. \u00ab <i>Aujourd\u2019hui, je travaille \u00e0 70 % de mon temps<\/i> \u00bb. Finalement, le papa trouve ce rythme assez simple \u00e0 respecter. \u00ab <i>Il suffit de le d\u00e9cider. Je sais que c\u2019est le bon rythme pour mon fils et pour moi. Alors c\u2019est naturel<\/i> \u00bb.<\/p>\n\n\n\n<p>Guillaume en profite pour faire beaucoup d\u2019activit\u00e9s avec son fils. \u00ab <i>On fait beaucoup de sport ensemble. Du tennis, du judo, de la natation, \u2026 Mon p\u00e8re travaillait beaucoup et s\u2019occupait peu de moi. Mais \u00e0 mes 7 ans, il m\u2019a inscrit \u00e0 l\u2019escrime et nous partagions beaucoup de moments autour de ce sport. Cela m\u2019a marqu\u00e9. Je veux faire la m\u00eame chose avec mon fils<\/i> \u00bb.<\/p>\n\n\n\n<h2 class=\"wp-block-heading\">Un apprentissage de la vie \u00e0 transmettre<\/h2>\n\n\n\n<p>Fort de son histoire de vie, Guillaume essaie de transmettre ce qui est important pour lui. \u00ab <i>Je lui apprends que l\u2019objectif n\u2019est pas de gagner mais de faire de son mieux. Et surtout que l\u2019on peut tomber mais qu\u2019on peut se relever<\/i> \u00bb. Pour cela, le papa mise sur le temps pass\u00e9 ensemble et les mots. \u00ab <i>Je lui explique quotidiennement qu\u2019il est positif. Que m\u00eame s\u2019il ne r\u00e9ussit pas, il apprend et avance. Et je lui dis que j\u2019ai confiance en lui, qu\u2019il est capable, qu\u2019il peut y arriver<\/i> \u00bb. Guillaume s\u2019est inscrit \u00e0 un marathon. Paul lui dit qu\u2019il va ramener la coupe. \u00ab <i>Je lui dis que je ne veux pas la coupe. Je veux r\u00e9ussir \u00e0 terminer le marathon pour ensuite que nous le f\u00eations ensemble<\/i> \u00bb.<\/p>\n\n\n\n<p>Pour Guillaume, sa vie post-cancer est une renaissance. \u00ab <i>Cela fait cinq ans que mon fils est dans ma vie. Et j\u2019ai l\u2019impression d\u2019en profiter vraiment depuis deux ans. J\u2019essaie de rattraper tout le temps perdu. Et quand je vois notre complicit\u00e9, je me dis qu\u2019on y arrive \u00e0 deux\u2026<\/i> \u00bb.<\/p>\n\n\n\n<h2 class=\"wp-block-heading\">Une le\u00e7on de vie<\/h2>\n\n\n\n<p>Guillaume a finalement r\u00e9ussi \u00e0 transformer \u00ab papa et cancer \u00bb en \u00ab papa et vie \u00bb. \u00ab <i>Peut-\u00eatre que dans dix ans, je retravaillerai beaucoup. Mais l\u00e0, je suis heureux comme jamais. Je suis au bon endroit. Je re\u00e7ois beaucoup de lui. J\u2019aime le papa et l\u2019homme que je suis<\/i> \u00bb. Et Paul, son fils, est lui aussi heureux de voir son papa si pr\u00e9sent. \u00ab <i>Je me souviens d\u2019une fin de journ\u00e9e o\u00f9 nous avions fait plein d\u2019activit\u00e9s ensemble. Au moment du bisou du dodo, Paul me serre tr\u00e8s fort. Et il me dit \u00ab Papa, je t\u2019aime plus fort que 10 000 milliards de fois que l\u2019univers \u00bb. J\u2019ai ferm\u00e9 la porte et me suis effondr\u00e9 durant 15 minutes. La vague de notre amour est si puissante\u2026<\/i> \u00bb.<\/p>\n\n\n\n<p>De son propre aveu, sa maladie a m\u00e9tamorphos\u00e9 Guillaume. \u00ab <i>Sans cette \u00e9preuve, je ne serais pas autant impliqu\u00e9 aupr\u00e8s de mon fils. Je le serais mais pas autant. \u00c0 40 ans, j\u2019ai v\u00e9cu la paternit\u00e9 et la mort. J\u2019ai pris conscience que je pouvais mourir. Avant que la mort ne revienne, je veux vivre pleinement<\/i> \u00bb. Et quand on voit toute l\u2019\u00e9nergie qui rayonne autour de Guillaume, on se dit qu\u2019il vit pleinement. Plein d\u2019amour. Tout simplement.<\/p>\n","protected":false},"excerpt":{"rendered":"<p>Depuis plusieurs ann\u00e9es, le nombre de cas de cancer est en forte augmentation en France. Selon la fondation ARC, c\u2019est d\u00e9sormais la premi\u00e8re cause de mortalit\u00e9 dans le pays. Cette maladie, sous toutes ses formes, touche toutes les familles. Nous avons tous un proche qui a travers\u00e9 ces \u00e9preuves. Parfois, les histoires sont encore plus [&hellip;]<\/p>\n","protected":false},"author":1,"featured_media":2979,"comment_status":"open","ping_status":"open","sticky":false,"template":"","format":"standard","meta":{"footnotes":""},"categories":[19],"tags":[],"class_list":{"0":"post-2887","1":"post","2":"type-post","3":"status-publish","4":"format-standard","5":"has-post-thumbnail","7":"category-temoignage"},"_links":{"self":[{"href":"https:\/\/laviedepapa.info\/index.php?rest_route=\/wp\/v2\/posts\/2887","targetHints":{"allow":["GET"]}}],"collection":[{"href":"https:\/\/laviedepapa.info\/index.php?rest_route=\/wp\/v2\/posts"}],"about":[{"href":"https:\/\/laviedepapa.info\/index.php?rest_route=\/wp\/v2\/types\/post"}],"author":[{"embeddable":true,"href":"https:\/\/laviedepapa.info\/index.php?rest_route=\/wp\/v2\/users\/1"}],"replies":[{"embeddable":true,"href":"https:\/\/laviedepapa.info\/index.php?rest_route=%2Fwp%2Fv2%2Fcomments&post=2887"}],"version-history":[{"count":1,"href":"https:\/\/laviedepapa.info\/index.php?rest_route=\/wp\/v2\/posts\/2887\/revisions"}],"predecessor-version":[{"id":2894,"href":"https:\/\/laviedepapa.info\/index.php?rest_route=\/wp\/v2\/posts\/2887\/revisions\/2894"}],"wp:featuredmedia":[{"embeddable":true,"href":"https:\/\/laviedepapa.info\/index.php?rest_route=\/wp\/v2\/media\/2979"}],"wp:attachment":[{"href":"https:\/\/laviedepapa.info\/index.php?rest_route=%2Fwp%2Fv2%2Fmedia&parent=2887"}],"wp:term":[{"taxonomy":"category","embeddable":true,"href":"https:\/\/laviedepapa.info\/index.php?rest_route=%2Fwp%2Fv2%2Fcategories&post=2887"},{"taxonomy":"post_tag","embeddable":true,"href":"https:\/\/laviedepapa.info\/index.php?rest_route=%2Fwp%2Fv2%2Ftags&post=2887"}],"curies":[{"name":"wp","href":"https:\/\/api.w.org\/{rel}","templated":true}]}}