{"id":2886,"date":"2024-07-11T10:57:57","date_gmt":"2024-07-11T10:57:57","guid":{"rendered":"https:\/\/laviedepapa.info\/?p=2886"},"modified":"2024-07-13T19:18:54","modified_gmt":"2024-07-13T19:18:54","slug":"lhistoire-de-papa-chouch-un-papa-pas-comme-les-autres","status":"publish","type":"post","link":"https:\/\/laviedepapa.info\/?p=2886","title":{"rendered":"L&rsquo;histoire de Papa Chouch : un papa pas comme les autres"},"content":{"rendered":"\n<p>De nombreux parents connaissent Papa Chouch. Avec pr\u00e8s de 600 000 abonn\u00e9s sur les r\u00e9seaux sociaux, il est un peu le papa de tous les papas ! Papa de deux gar\u00e7ons de 7 et 4 ans, il se d\u00e9crit comme un influenceur dans le domaine de la parentalit\u00e9.<\/p>\n\n\n\n<p>Tr\u00e8s actif sur Facebook et Instagram, il reste cependant discret sur sa vie personnelle, qu&rsquo;il partage avec parcimonie. D\u00e9sormais auteur \u00e0 succ\u00e8s, cr\u00e9ateur de jeux de soci\u00e9t\u00e9 et co-fondateur d&rsquo;une maison d&rsquo;\u00e9dition jeunesse, j&rsquo;ai voulu en savoir plus sur l&rsquo;homme derri\u00e8re Papa Chouch. J&rsquo;ai d\u00e9couvert un Olivier p\u00e9tillant, enthousiaste et passionn\u00e9. Portrait d&rsquo;un papa inspirant.<\/p>\n\n\n\n<h2 class=\"wp-block-heading\">Quand Olivier devient Papa Chouch<\/h2>\n\n\n\n<p>Olivier, 41 ans aujourd&rsquo;hui, a commenc\u00e9 sa carri\u00e8re \u00e0 17 ans comme animateur pour enfants. <i>\u00ab J&rsquo;ai ador\u00e9 ce m\u00e9tier que j&rsquo;ai exerc\u00e9 jusqu&rsquo;\u00e0 mes 35 ans sous diff\u00e9rentes formes. J&rsquo;ai commenc\u00e9 comme animateur stagiaire, puis suis devenu directeur de centre de vacances et \u00e9ducateur sp\u00e9cialis\u00e9 \u00bb<\/i>. Un v\u00e9ritable m\u00e9tier passion. Mais Olivier, comme on l&rsquo;entend dans sa voix, est un homme passionn\u00e9. Et un homme qui a toujours voulu devenir p\u00e8re. <i>\u00ab \u00c0 20 ans, je disais d\u00e9j\u00e0 que je voulais \u00eatre papa. Mais il m&rsquo;a fallu du temps pour rencontrer la bonne personne avec qui fonder une famille\u2026 \u00bb<\/i>. Il y a 11 ans, il rencontre Sandrine. Ensemble, ils deviennent les heureux parents de Jules, 7 ans, et de Ma\u00e9, 4 ans.<\/p>\n\n\n\n<p>En 2016, \u00e0 35 ans, il d\u00e9cide de quitter son m\u00e9tier ador\u00e9. Il cr\u00e9e la page Facebook Papa Chouch (diminutif de \u00ab Chouchou, comme lui et sa femme s&rsquo;appellent \u00bb). \u00c0 sa grande surprise, le succ\u00e8s est imm\u00e9diat. <i>\u00ab Je suis pass\u00e9 de 300 abonn\u00e9s \u00e0 100 000 en seulement 8 mois ! \u00bb<\/i>.<\/p>\n\n\n\n<h2 class=\"wp-block-heading\">D\u2019une page Facebook \u00e0 une multitude d\u2019activit\u00e9s<\/h2>\n\n\n\n<p>Sa motivation initiale reste la m\u00eame aujourd&rsquo;hui : donner la parole aux parents via un papa et amuser les parents. <i>\u00ab Quand j&rsquo;ai commenc\u00e9, il n&rsquo;y avait pas de papa qui s&rsquo;exprimait. J&rsquo;avais envie de partager ma parentalit\u00e9 avec beaucoup d&rsquo;humour. La premi\u00e8re ann\u00e9e, j&rsquo;ai \u00e9crit 500 citations. Certaines ont \u00e9t\u00e9 vues des millions de fois ! \u00bb<\/i>. Gr\u00e2ce \u00e0 ce succ\u00e8s, Olivier est rapidement contact\u00e9 par une maison d&rsquo;\u00e9dition. <i>\u00ab J&rsquo;ai \u00e9crit \u00ab\u00a0On ne choisit pas ses enfants\u00a0\u00bb et il s&rsquo;est vendu \u00e0 10 000 exemplaires. Puis un an plus tard, j&rsquo;ai publi\u00e9 \u00ab\u00a0Quand est-ce qu&rsquo;on arrive ?\u00a0\u00bb \u00bb<\/i>.<\/p>\n\n\n\n<p>En 2020, Papa Chouch se lance dans une nouvelle aventure et cr\u00e9e le jeu de soci\u00e9t\u00e9 \u00ab Chouch ou pas chouch \u00bb. <i>\u00ab C&rsquo;est un jeu d&rsquo;ambiance \u00e0 jouer en famille d\u00e8s 3 ans. J&rsquo;utilise mes exp\u00e9riences d&rsquo;animateur pour enfants&#8230; et surtout j&rsquo;ai imagin\u00e9 un jeu que je pouvais utiliser avec mes propres enfants ! Il y a peu de jeux de soci\u00e9t\u00e9 sympas pour les familles avec de jeunes enfants. \u00bb<\/i> Olivier veille toujours \u00e0 proposer des produits accessibles \u00e0 toutes les familles. <i>\u00ab Je ne propose que des produits \u00e0 petits prix. Je veux que cela reste abordable pour toutes les familles. \u00bb<\/i><\/p>\n\n\n\n<p>En 2020, il rel\u00e8ve un nouveau d\u00e9fi et co-fonde avec Yannick Vicente une maison d&rsquo;\u00e9dition jeunesse, Yo Editions. Il publie \u00ab Le lion qui avait perdu sa queue \u00bb sur la tol\u00e9rance, d\u00e9j\u00e0 vendu \u00e0 plus de 25 000 exemplaires. Puis au printemps 2021, gr\u00e2ce \u00e0 un financement participatif, il publie \u00ab Le Castor qui r\u00eavait d\u2019avoir un ami \u00bb sur l\u2019amiti\u00e9 (mes jumeaux l&rsquo;adorent !). Un prochain tome sortira en janvier 2022. En attendant, Papa Chouch sortira cet \u00e9t\u00e9 un \u00ab magazine parent un peu satirique et plein d&rsquo;humour \u00bb. Et d&rsquo;autres projets encore confidentiels sont en pr\u00e9paration.<\/p>\n\n\n\n<h2 class=\"wp-block-heading\">Papa Chouch : un succ\u00e8s surprise et beaucoup de travail&#8230; sans avoir l&rsquo;impression de travailler !<\/h2>\n\n\n\n<p>Olivier ne s&rsquo;attendait pas \u00e0 un tel succ\u00e8s pour Papa Chouch. <i>\u00ab C&rsquo;est juste dingue, je ne m&rsquo;y attendais pas du tout ! Cela s&rsquo;est fait progressivement. C&rsquo;est \u00e0 la fois beaucoup de travail et tellement de plaisir. J&rsquo;adore tout ce que je fais ! \u00bb<\/i>. Pour tous ses projets, Papa Chouch s&rsquo;inspire de son exp\u00e9rience de papa et de son ancien m\u00e9tier d&rsquo;animateur.<\/p>\n\n\n\n<p>Et m\u00eame s&rsquo;il refuse parfois des projets trop \u00e9loign\u00e9s de ses valeurs, Papa Chouch sait ce qui le motive. <i>\u00ab Je veux donner leur chance \u00e0 tous, rendre \u00e0 ceux qui me suivent, associer les gens et vraiment faire vivre ma communaut\u00e9. \u00bb<\/i> Il applique ces principes dans sa nouvelle maison d&rsquo;\u00e9dition. <i>\u00ab Nous avons lanc\u00e9 un appel \u00e0 manuscrits et re\u00e7u plus de 600 ! Nous avons cr\u00e9\u00e9 un comit\u00e9 de s\u00e9lection et publierons une dizaine d&rsquo;ouvrages l&rsquo;ann\u00e9e prochaine. L&rsquo;objectif de notre maison d&rsquo;\u00e9dition, avec Yannick Vicente, n&rsquo;est pas seulement de nous auto-publier mais de l&rsquo;ouvrir \u00e0 de nombreux auteurs. \u00bb<\/i><\/p>\n\n\n\n<h2 class=\"wp-block-heading\">Un papa engag\u00e9 et un papa comme les autres<\/h2>\n\n\n\n<p>Pour tous ses projets, Papa Chouch ne veut jamais donner de conseils. <i>\u00ab Je sais que ce qui fonctionne pour moi ne fonctionne pas forc\u00e9ment pour d&rsquo;autres parents. \u00bb<\/i> Son but est de donner le sourire aux parents. <i>\u00ab \u00catre parent, c&rsquo;est une grande responsabilit\u00e9. Ma vie n&rsquo;est pas exceptionnelle. C&rsquo;est celle de tous les parents, avec les m\u00eames joies et les m\u00eames gal\u00e8res. Je veux juste partager des moments dr\u00f4les pour all\u00e9ger le quotidien des parents, les faire rire et leur faire du bien. \u00bb<\/i><\/p>\n\n\n\n<p>Humoriste, Papa Chouch n&rsquo;en est pas moins engag\u00e9. <i>\u00ab R\u00e9guli\u00e8rement, j&rsquo;utilise ma \u00ab\u00a0notori\u00e9t\u00e9\u00a0\u00bb pour sensibiliser \u00e0 des causes. Par exemple, l&rsquo;\u00e9t\u00e9 dernier, mon fils a fait une chute dans la piscine. J&rsquo;aurais pu ne pas en parler, cela ne me met pas en valeur. Mais j&rsquo;ai choisi de le faire car cela peut aider d&rsquo;autres parents. Et si cela peut sauver un enfant, c&rsquo;est d\u00e9j\u00e0 gagn\u00e9. \u00bb<\/i><\/p>\n\n\n\n<h2 class=\"wp-block-heading\">Un \u00e9quilibre de vie trouv\u00e9<\/h2>\n\n\n\n<p>Avec toutes ses activit\u00e9s, Papa Chouch parvient-il \u00e0 d\u00e9gager du temps pour \u00eatre papa ? <i>\u00ab C&rsquo;est sportif mais tout passe par l&rsquo;organisation ! Je travaille uniquement de 9h \u00e0 17h et jamais le week-end. Je programme mes publications pour \u00eatre libre le soir et le week-end, des moments consacr\u00e9s \u00e0 mes enfants, \u00e0 mon couple et \u00e0 moi. \u00bb<\/i> Et il parvient \u00e0 maintenir cette discipline. <i>\u00ab M\u00eame si \u00e0 17h je n&rsquo;ai pas termin\u00e9, je ferme mon ordinateur et vais chercher mes fils \u00e0 l&rsquo;\u00e9cole. Quand je suis avec eux, je suis vraiment pr\u00e9sent. Je ne suis jamais avec mon t\u00e9l\u00e9phone m\u00eame si c&rsquo;est mon travail ! Tout l&rsquo;enjeu est de mettre en place une structure d&rsquo;organisation et de s&rsquo;y tenir. Le 17h-20h, c&rsquo;est le temps avec les enfants. Et le 20h-23h, le temps du couple. \u00bb<\/i><\/p>\n\n\n\n<p>Dans cette organisation millim\u00e9tr\u00e9e, Papa Chouch sait qu&rsquo;il doit aussi penser \u00e0 pr\u00e9server Olivier. <i>\u00ab On demande beaucoup aux parents. C&rsquo;est dur d&rsquo;\u00eatre bon partout : travail, enfants, couple, soi-m\u00eame. Mais j&rsquo;essaie. L&rsquo;ann\u00e9e derni\u00e8re, j&rsquo;ai subi une grosse op\u00e9ration \u00e0 cause de mon ob\u00e9sit\u00e9. Depuis, je dois marcher 2 heures par jour et faire 10 000 pas. C&rsquo;est une charge suppl\u00e9mentaire mais je dois me pr\u00e9server ce moment. \u00bb<\/i><\/p>\n\n\n\n<h2 class=\"wp-block-heading\">Comment \u00eatre papa a transform\u00e9 Olivier<\/h2>\n\n\n\n<p>Pour Olivier, devenir papa change beaucoup de choses dans sa vie et sa vision de la vie. Il l&rsquo;a particuli\u00e8rement ressenti par rapport \u00e0 son corps. <i>\u00ab J&rsquo;ai \u00e9t\u00e9 ob\u00e8se pendant 10 ans et cela ne me posait pas de probl\u00e8me. Je vivais avec. Mais avec l&rsquo;arriv\u00e9e des enfants, tout a chang\u00e9. Jouer avec eux \u00e9tait parfois compliqu\u00e9. Et encore plus pour certaines activit\u00e9s. Avec 130 kg, je ne pouvais pas skier avec eux, alors que j&rsquo;adore ! \u00bb<\/i> Il y a deux ans, Olivier d\u00e9cide de se faire op\u00e9rer. <i>\u00ab Et l&rsquo;ann\u00e9e derni\u00e8re, j&rsquo;ai pu skier avec eux. C&rsquo;\u00e9tait un moment magique pour nous. Le regard de mes enfants \u00e9tait incroyable \u00e0 ce moment-l\u00e0. \u00bb<\/i><\/p>\n\n\n\n<p>Comme beaucoup d&rsquo;autres papas, devenir p\u00e8re change la perspective de la vie. <i>\u00ab Les d\u00e9cisions que tu prends au quotidien, quand tu deviens parent, ne te concernent plus uniquement. C&rsquo;est pour eux. \u00bb<\/i> Et ses enfants le lui rendent bien. <i>\u00ab Ils me poussent \u00e0 \u00eatre meilleur. Je me suis am\u00e9lior\u00e9 gr\u00e2ce \u00e0 mes enfants, gr\u00e2ce \u00e0 leur regard et leur vision de la vie. \u00bb<\/i> M\u00eame s&rsquo;il y a quelques inconv\u00e9nients. <i>\u00ab Je suis beaucoup plus fatigu\u00e9 ! Je n&rsquo;ai pas fait une seule grasse matin\u00e9e depuis 7 ans ! \u00bb<\/i><\/p>\n\n\n\n<h2 class=\"wp-block-heading\">Papa Chouch et Olivier : la m\u00eame transmission de valeurs<\/h2>\n\n\n\n<p>Que ce soit en tant que Papa Chouch ou en tant qu&rsquo;Olivier, le papa souhaite transmettre quotidiennement ce qui est important pour lui. <i>\u00ab Les notions de tol\u00e9rance, de solidarit\u00e9 et de r\u00e9action face \u00e0 l&rsquo;injustice sont essentielles pour moi. Alors j&rsquo;essaie d&rsquo;\u00eatre exemplaire car c&rsquo;est pour moi la meilleure fa\u00e7on de transmettre. Par exemple, je cuisine chaque jour. Pour mes enfants, c&rsquo;est naturel et je pense qu&rsquo;ils reproduiront cela \u00e0 l&rsquo;\u00e2ge adulte. La valeur du travail est aussi tr\u00e8s importante pour moi. J&rsquo;apprends \u00e0 mes enfants qu&rsquo;il est essentiel de travailler dur \u00e0 l&rsquo;\u00e9cole. Ainsi, ils pourront tout faire et choisir le m\u00e9tier de leurs r\u00eaves. \u00bb<\/i><\/p>\n\n\n\n<p>Pour autant, ce n&rsquo;est pas toujours facile de se projeter. <i>\u00ab Ce qui est difficile quand tu es parent, c&rsquo;est que tu sauras dans 20 ans si ce que tu as fait avec tes enfants est bien ou non ! \u00bb<\/i>. Cependant, il y a d\u00e9j\u00e0 des signes. <i>\u00ab Lors de la derni\u00e8re rentr\u00e9e scolaire \u00e0 la maternelle, un enfant pleurait beaucoup. Ma\u00e9 est all\u00e9 spontan\u00e9ment le voir pour lui prendre la main et le rassurer. Je me suis dit que nous ne nous trompions pas dans notre \u00e9ducation \ud83d\ude09 \u00bb<\/i>.<\/p>\n\n\n\n<p>Pour Jules et Ma\u00e9, leur papa est un super papa, tr\u00e8s pr\u00e9sent. <i>\u00ab Quand tu es l\u00e0 au quotidien, tu deviens forc\u00e9ment un Super Papa pour tes enfants ! \u00bb<\/i>. Et un papa qui \u00e9crit des livres. <i>\u00ab Ils n&rsquo;ont pas encore vraiment conscience des r\u00e9seaux sociaux ! \u00bb<\/i>. Quand on voit les th\u00e8mes abord\u00e9s par Papa Chouch dans ses livres, comme la tol\u00e9rance, l&rsquo;amiti\u00e9 ou la diff\u00e9rence, on peut parier qu&rsquo;Olivier restera un Super Papa pendant longtemps !<\/p>\n","protected":false},"excerpt":{"rendered":"<p>De nombreux parents connaissent Papa Chouch. Avec pr\u00e8s de 600 000 abonn\u00e9s sur les r\u00e9seaux sociaux, il est un peu le papa de tous les papas ! Papa de deux gar\u00e7ons de 7 et 4 ans, il se d\u00e9crit comme un influenceur dans le domaine de la parentalit\u00e9. Tr\u00e8s actif sur Facebook et Instagram, il [&hellip;]<\/p>\n","protected":false},"author":1,"featured_media":2978,"comment_status":"open","ping_status":"open","sticky":false,"template":"","format":"standard","meta":{"footnotes":""},"categories":[19],"tags":[],"class_list":{"0":"post-2886","1":"post","2":"type-post","3":"status-publish","4":"format-standard","5":"has-post-thumbnail","7":"category-temoignage"},"_links":{"self":[{"href":"https:\/\/laviedepapa.info\/index.php?rest_route=\/wp\/v2\/posts\/2886","targetHints":{"allow":["GET"]}}],"collection":[{"href":"https:\/\/laviedepapa.info\/index.php?rest_route=\/wp\/v2\/posts"}],"about":[{"href":"https:\/\/laviedepapa.info\/index.php?rest_route=\/wp\/v2\/types\/post"}],"author":[{"embeddable":true,"href":"https:\/\/laviedepapa.info\/index.php?rest_route=\/wp\/v2\/users\/1"}],"replies":[{"embeddable":true,"href":"https:\/\/laviedepapa.info\/index.php?rest_route=%2Fwp%2Fv2%2Fcomments&post=2886"}],"version-history":[{"count":1,"href":"https:\/\/laviedepapa.info\/index.php?rest_route=\/wp\/v2\/posts\/2886\/revisions"}],"predecessor-version":[{"id":2893,"href":"https:\/\/laviedepapa.info\/index.php?rest_route=\/wp\/v2\/posts\/2886\/revisions\/2893"}],"wp:featuredmedia":[{"embeddable":true,"href":"https:\/\/laviedepapa.info\/index.php?rest_route=\/wp\/v2\/media\/2978"}],"wp:attachment":[{"href":"https:\/\/laviedepapa.info\/index.php?rest_route=%2Fwp%2Fv2%2Fmedia&parent=2886"}],"wp:term":[{"taxonomy":"category","embeddable":true,"href":"https:\/\/laviedepapa.info\/index.php?rest_route=%2Fwp%2Fv2%2Fcategories&post=2886"},{"taxonomy":"post_tag","embeddable":true,"href":"https:\/\/laviedepapa.info\/index.php?rest_route=%2Fwp%2Fv2%2Ftags&post=2886"}],"curies":[{"name":"wp","href":"https:\/\/api.w.org\/{rel}","templated":true}]}}