{"id":2882,"date":"2024-07-11T10:53:29","date_gmt":"2024-07-11T10:53:29","guid":{"rendered":"https:\/\/laviedepapa.info\/?p=2882"},"modified":"2024-07-13T19:15:06","modified_gmt":"2024-07-13T19:15:06","slug":"vivre-et-surmonter-la-prematurite-le-parcours-de-gael","status":"publish","type":"post","link":"https:\/\/laviedepapa.info\/?p=2882","title":{"rendered":"Vivre et surmonter la pr\u00e9maturit\u00e9 : Le parcours de Ga\u00ebl"},"content":{"rendered":"\n<p>Certains d\u2019entre vous le savent, mes jumeaux sont arriv\u00e9s pr\u00e9matur\u00e9ment \u00e0 7 mois. Cela a entra\u00een\u00e9 une hospitalisation de 3 semaines pour mon fils (1,6 Kg \u00e0 la naissance) et pr\u00e8s de 2 mois pour ma fille (1,1 kg \u00e0 la naissance). Pourtant, je n&rsquo;avais jamais abord\u00e9 ici le sujet de la pr\u00e9maturit\u00e9 qui concerne 8% des naissances (60 000 b\u00e9b\u00e9s naissent avant les 8 mois de grossesse en France chaque ann\u00e9e). Des circonstances communes m\u2019ont conduit \u00e0 rencontrer Ga\u00ebl, un p\u00e8re de b\u00e9b\u00e9 pr\u00e9matur\u00e9. Papa d\u2019un petit gar\u00e7on de 18 mois, il a \u00e9galement v\u00e9cu la m\u00eame aventure avec son fils, n\u00e9 \u00e0 6 mois de grossesse.<\/p>\n\n\n\n<p>Avec sa femme, il a parcouru ce long chemin pour que son fils soit aujourd\u2019hui en pleine sant\u00e9. P\u00e8re d\u2019un b\u00e9b\u00e9 pr\u00e9matur\u00e9, il a transform\u00e9 cette exp\u00e9rience en force. Professionnellement, Ga\u00ebl est un entrepreneur engag\u00e9 depuis longtemps pour diverses causes. Naturellement, il a d\u00e9cid\u00e9 de lancer une nouvelle entreprise sociale, Petit mais Costaud, d\u00e9di\u00e9e aux parents de b\u00e9b\u00e9s pr\u00e9matur\u00e9s, avec pour mission de soutenir au maximum les parents vivant cette \u00e9preuve difficile\u2026 Ga\u00ebl, un exemple d\u2019engagement et de force. Portrait d\u2019un p\u00e8re d\u00e9finitivement inspirant.<\/p>\n\n\n\n<h2 class=\"wp-block-heading\">La d\u00e9couverte de la pr\u00e9maturit\u00e9<\/h2>\n\n\n\n<p>Ga\u00ebl, 33 ans, et Laure, 35 ans, forment un couple heureux depuis pr\u00e8s de 4 ans. Au printemps 2019, le couple apprend avec joie l\u2019arriv\u00e9e prochaine de leur premier enfant. La grossesse se d\u00e9roule facilement et sereinement. En septembre, le couple part en vacances \u00e0 New York, avec de longues balades de 15 Km par jour. Au retour, Laure, alors \u00e0 5 mois et demi de grossesse, passe un contr\u00f4le \u00e0 l\u2019h\u00f4pital. Le couple d\u00e9couvre avec stupeur un risque \u00e9lev\u00e9 de pr\u00e9maturit\u00e9 pour leur b\u00e9b\u00e9. C\u2019est le premier choc de leur vie de futurs parents.<\/p>\n\n\n\n<p>Laure est hospitalis\u00e9e en urgence pendant 15 jours. Apr\u00e8s cette p\u00e9riode, elle rentre \u00e0 la maison, mais 24 heures plus tard, le couple retourne en urgence \u00e0 l\u2019h\u00f4pital. Le personnel m\u00e9dical d\u00e9cide alors de proc\u00e9der \u00e0 l\u2019accouchement. Leur fils, Mah\u00e9, na\u00eet \u00e0 6 mois (\u00e0 29 semaines).<\/p>\n\n\n\n<h2 class=\"wp-block-heading\">Le long marathon en n\u00e9onatologie<\/h2>\n\n\n\n<p>Mah\u00e9, pesant 1,5 kg, est plac\u00e9 en couveuse, en service de r\u00e9animation. \u00c0 29 semaines, de nombreuses fonctions ne sont pas encore d\u00e9velopp\u00e9es chez le b\u00e9b\u00e9. <i>\u00ab Les premiers jours ont \u00e9t\u00e9 atroces. Les m\u00e9decins nous disaient \u00ab\u00a0on ne peut rien vous dire sur la suite. Chaque heure est une heure gagn\u00e9e. Le pronostic vital est engag\u00e9, on ne peut rien pr\u00e9dire de la suite \u00bb.<\/i><\/p>\n\n\n\n<p>Le couple passe chaque jour entre 12h et 16h \u00e0 l\u2019h\u00f4pital aupr\u00e8s de Mah\u00e9. <i>\u00ab Nous n\u2019\u00e9tions pas dans le d\u00e9ni. La r\u00e9silience a fait son \u0153uvre. Nous \u00e9tions tr\u00e8s investis et pr\u00e9sents \u00e0 ses c\u00f4t\u00e9s. Ma formation en hypnose nous a aid\u00e9s, nous avons fait \u00e9norm\u00e9ment de s\u00e9ances d\u2019auto-hypnose durant cette p\u00e9riode \u00bb.<\/i> Au total, Mah\u00e9 est rest\u00e9 pr\u00e8s de 70 jours \u00e0 l\u2019h\u00f4pital. <i>\u00ab C\u2019est un v\u00e9ritable marathon. Il y a eu des moments tr\u00e8s difficiles o\u00f9 notre fils n\u2019arrivait pas \u00e0 respirer ou \u00e0 manger. Nous vivions au rythme des machines, des bips, des mots des m\u00e9decins. Nous \u00e9tions en mode \u00ab\u00a0pilote automatique\u00a0\u00bb, notre vie \u00e9tait d\u00e9di\u00e9e \u00e0 l\u2019h\u00f4pital. Mais nous \u00e9tions port\u00e9s par la force de notre fils qui se battait chaque jour pour grandir \u00bb.<\/i> La force est \u00e9galement celle de la maman et du papa pr\u00e9matur\u00e9.<\/p>\n\n\n\n<p>Ga\u00ebl d\u00e9couvre \u00e9galement la mani\u00e8re dont est g\u00e9r\u00e9e la pr\u00e9maturit\u00e9 en France. <i>\u00ab On a d\u00e9couvert des soignants extraordinaires et un environnement ultra-m\u00e9dicalis\u00e9 en r\u00e9animation. Mais aussi un environnement parfois peu accueillant pour les parents. On ne peut pas dormir avec notre b\u00e9b\u00e9, ou tr\u00e8s mal. On manque de fauteuils, qui ne sont pr\u00e9vus que pour les mamans. Il y a peu de place pour le papa pr\u00e9matur\u00e9. Et ensuite, en chambre p\u00e9diatrique, tout \u00e9tait tr\u00e8s v\u00e9tuste. De m\u00eame, nous avons d\u00fb attendre 15 jours pour obtenir un RDV avec la psy de l\u2019h\u00f4pital. Toutes ces conditions ajoutent un stress important \u00e0 une situation d\u00e9j\u00e0 lourde \u00e0 g\u00e9rer \u00bb.<\/i><\/p>\n\n\n\n<h2 class=\"wp-block-heading\">Une vie entre parenth\u00e8ses<\/h2>\n\n\n\n<p>Durant cette p\u00e9riode, la famille et les amis se mobilisent autour des jeunes parents. <i>\u00ab Ils s\u2019occupaient de l\u2019appartement, de nos lessives. Ils nous pr\u00e9paraient des repas \u00bb.<\/i> Parfois, des mots maladroits sont prononc\u00e9s par m\u00e9connaissance de la pr\u00e9maturit\u00e9. <i>\u00ab Des proches nous disaient parfois \u00ab\u00a0reposez-vous et r\u00e9jouissez-vous, tout va s\u2019arranger\u00a0\u00bb. Ce n\u2019\u00e9tait pas appropri\u00e9 \u00bb.<\/i><\/p>\n\n\n\n<p>Ga\u00ebl met \u00e9galement sa vie professionnelle en pause. <i>\u00ab J\u2019avais d\u00e9cid\u00e9 de m\u2019arr\u00eater de travailler 6 mois pour d\u00e9dier ce temps \u00e0 ma femme et mon fils. Finalement, je me suis arr\u00eat\u00e9 totalement de travailler quasiment un an \u00bb.<\/i><\/p>\n\n\n\n<p>Apr\u00e8s 70 jours d\u2019h\u00f4pital, la famille peut enfin rentrer chez elle. <i>\u00ab Nous n\u2019avions pas du tout de crainte de rentrer chez nous. C\u2019\u00e9tait plut\u00f4t une vraie lib\u00e9ration ! Nous avons eu la chance d\u2019avoir \u00e0 nos c\u00f4t\u00e9s des soignants extraordinaires qui nous ont mis en confiance \u00bb.<\/i> Cependant, le retour \u00e0 la maison n\u2019est pas sans d\u00e9fis. La premi\u00e8re ann\u00e9e de Mah\u00e9 est ponctu\u00e9e par de nombreux rendez-vous m\u00e9dicaux. <i>\u00ab Au d\u00e9part, une visite m\u00e9dicale tous les jours \u00e0 la maison, puis parfois jusqu\u2019\u00e0 3 \u00e0 4 rendez-vous par semaine \u00e0 l\u2019h\u00f4pital. Cela s\u2019est progressivement all\u00e9g\u00e9, et tout est rentr\u00e9 dans l\u2019ordre aujourd\u2019hui, nous avons juste 2\/3 rendez-vous par an. Nous avons eu de la chance, il n\u2019y a pas eu de complications \u00bb.<\/i> Durant cette premi\u00e8re ann\u00e9e, les parents investissent toute leur \u00e9nergie pour que Mah\u00e9 grandisse sereinement. <i>\u00ab Nous avons fait \u00e9norm\u00e9ment de peau \u00e0 peau, parfois 5 heures par jour. Et nous avons \u00e9cout\u00e9 beaucoup de musique, cela calmait Mah\u00e9 \u00bb.<\/i><\/p>\n\n\n\n<h2 class=\"wp-block-heading\">Papa pr\u00e9matur\u00e9 : l\u2019engagement et la cr\u00e9ation de Petit mais Costaud<\/h2>\n\n\n\n<p>Ga\u00ebl est un homme engag\u00e9 depuis longtemps. <i>\u00ab Enfant, je me souviens avoir \u00e9t\u00e9 marqu\u00e9 par le sort d\u2019un sans-abri dans la rue. Cela m\u2019a \u00e9norm\u00e9ment frapp\u00e9 et ne m\u2019a jamais quitt\u00e9. J\u2019ai choisi des ann\u00e9es plus tard d\u2019entrer \u00e0 l\u2019ESSEC qui proposait une chaire \u00ab\u00a0entrepreneuriat social\u00a0\u00bb. J\u2019ai int\u00e9gr\u00e9 au cours de mes \u00e9tudes le Groupe ARES (organisation qui favorise l\u2019insertion des personnes en grande exclusion) puis j\u2019ai cr\u00e9\u00e9 plusieurs entreprises \u00e0 impact environnemental et soci\u00e9tal \u00bb.<\/i> L\u2019exp\u00e9rience de la pr\u00e9maturit\u00e9 de son fils l\u2019a conduit naturellement \u00e0 son nouveau projet. <i>\u00ab Apr\u00e8s 12 ans dans l\u2019entrepreneuriat social, j\u2019ai d\u00e9cid\u00e9 de m\u2019impliquer sur le sujet de la pr\u00e9maturit\u00e9. Je voulais \u00eatre utile. Que notre histoire serve. Que d\u2019autres parents puissent le vivre diff\u00e9remment. Et nous avons cr\u00e9\u00e9, avec ma femme, Petit mais Costaud en septembre 2020, un an apr\u00e8s la naissance de Mah\u00e9 \u00bb.<\/i> Pour que cet \u00e9pisode de vie de papa pr\u00e9matur\u00e9 soit plus facile \u00e0 vivre pour d\u2019autres parents\u2026<\/p>\n\n\n\n<p>Pour ce projet, Ga\u00ebl et Laure s\u2019entourent de sp\u00e9cialistes. <i>\u00ab Nous nous sommes d\u2019abord rapproch\u00e9s de l\u2019association SOS Pr\u00e9ma. Ils nous avaient beaucoup aid\u00e9s durant plusieurs mois \u00bb.<\/i> Puis le couple s\u2019entoure de sp\u00e9cialistes : personnels soignants, p\u00e9diatre, psychomotricien, ost\u00e9opathe, styliste sp\u00e9cialis\u00e9e pour les b\u00e9b\u00e9s pr\u00e9matur\u00e9s. <i>\u00ab Il n\u2019existe pas \u00e0 notre sens de v\u00eatements r\u00e9ellement adapt\u00e9s aux pr\u00e9mas. Et encore moins de v\u00eatements disponibles \u00e0 prix accessibles. Il existe principalement des bodys et pyjamas en taille r\u00e9duite mais la r\u00e9alit\u00e9 du besoin est plus complexe. Les b\u00e9b\u00e9s pr\u00e9mas ont une peau extr\u00eamement fragile. Ils ont besoin de v\u00eatements avec des coutures sp\u00e9cifiques. Mais aussi des finitions adapt\u00e9es aux appareils m\u00e9dicaux dont les b\u00e9b\u00e9s pr\u00e9matur\u00e9s sont \u00e9quip\u00e9s. Ils ont aussi besoin de v\u00eatements qui facilitent le mouvement et conservent bien la chaleur corporelle. Nous avons donc d\u00e9cid\u00e9 de cr\u00e9er des v\u00eatements Made in France d\u00e9di\u00e9s qui seront disponibles en septembre 2021 \u00bb.<\/i> La pr\u00e9maturit\u00e9 touchant plus sp\u00e9cifiquement des familles moins ais\u00e9es, Petit mais Costaud va plus loin. Ils proposent <i>\u00ab une boutique solidaire qui reverse 10% des ventes \u00e0 SOS Pr\u00e9ma et des packs de v\u00eatements \u00e0 la location gr\u00e2ce aux dons d\u2019autres familles \u00bb.<\/i> Enfin, le couple propose \u00e9galement des conseils de professionnels du secteur de la pr\u00e9maturit\u00e9 via le blog de la marque.<\/p>\n\n\n\n<h2 class=\"wp-block-heading\">Une \u00e9ducation consciente et engag\u00e9e<\/h2>\n\n\n\n<p>Naturellement, l\u2019\u00e9ducation que Ga\u00ebl offre \u00e0 son fils est en parfaite ad\u00e9quation avec sa philosophie de vie. <i>\u00ab J\u2019ai une grande conviction qui r\u00e9side dans l\u2019importance du cadre. Mais non pas en termes de r\u00e8gles ou de valeurs mais en termes de s\u00e9curit\u00e9 \u00e9motionnelle, de confiance en soi pour s\u2019exprimer et de curiosit\u00e9 naturelle. C\u2019est pour moi les enjeux cl\u00e9s de l\u2019\u00e9ducation \u00bb.<\/i> Ga\u00ebl vit cette d\u00e9marche en toute humilit\u00e9. <i>\u00ab Nous ne sommes pas du tout des parents parfaits ! Ils nous arrivent de crier mais nous nous excusons ensuite aupr\u00e8s de Mah\u00e9. Nous lui exprimons nos \u00e9motions et aussi nos faiblesses \u00bb.<\/i><\/p>\n\n\n\n<p>Ga\u00ebl essaye de proposer le cadre juste pour son fils. <i>\u00ab Il y a peu de temps, Mah\u00e9 voulait essayer de monter des marches dans l\u2019escalier. J\u2019\u00e9tais OK les 10 premi\u00e8res fois mais \u00e0 la 11\u00e8me, je lui ai demand\u00e9 d\u2019arr\u00eater. C\u2019est important de lui apprendre \u00e9galement la frustration \u00bb.<\/i><\/p>\n\n\n\n<h2 class=\"wp-block-heading\">L\u2019\u00e9quilibre vie professionnelle et personnelle du papa<\/h2>\n\n\n\n<p>En papa bien dans son \u00e9poque, Ga\u00ebl arrive \u00e0 concilier sa vie de famille et celle d\u2019entrepreneur. <i>\u00ab C\u2019\u00e9tait un de mes plus gros objectifs. Je voulais \u00eatre pr\u00e9sent. J\u2019organise ma vie professionnelle en fonction de ma vie de famille. C\u2019est parfois complexe mais j\u2019arrive \u00e0 avoir du temps qualitatif et quantitatif avec ma famille. Je suis 100% d\u00e9di\u00e9 \u00e0 mon fils de 6h \u00e0 9h et de 19h \u00e0 21h. Je prends r\u00e9guli\u00e8rement des vacances et des week-ends prolong\u00e9s en famille \u00bb.<\/i><\/p>\n\n\n\n<p>Pour y arriver, Ga\u00ebl utilise plusieurs astuces qui fonctionnent tr\u00e8s bien pour lui. <i>\u00ab Cela passe par beaucoup d\u2019organisation et des outils de \u00ab\u00a0productivit\u00e9\u00a0\u00bb. Quand je suis sur des sujets de fond, je coupe toutes les notifications sur mon smartphone ou les mails. Je fais principalement des r\u00e9unions de 30 minutes et jamais le matin car c\u2019est le moment o\u00f9 je suis le plus efficace sur les sujets de r\u00e9flexions \u00bb.<\/i> Et cette organisation bien huil\u00e9e lui permet de lib\u00e9rer des journ\u00e9es juste \u00e0 deux avec sa femme. <i>\u00ab Ainsi, j\u2019arrive \u00e0 avoir de vrais moments \u00e0 deux et \u00e0 trois avec notre fils ! \u00bb.<\/i><\/p>\n\n\n\n<h2 class=\"wp-block-heading\">Une pr\u00e9maturit\u00e9 d\u00e9sormais lointaine<\/h2>\n\n\n\n<p>La pr\u00e9maturit\u00e9 semble d\u00e9j\u00e0 loin, bien qu\u2019elle fasse partie de leur histoire \u00e0 tous les trois. Mah\u00e9 ne souffre aujourd\u2019hui d\u2019aucun retard de d\u00e9veloppement. C\u2019est un b\u00e9b\u00e9 heureux qui laisse de jolis souvenirs \u00e0 son papa au quotidien. <i>\u00ab Mon souvenir le plus dr\u00f4le est une situation que beaucoup de parents ont v\u00e9cue : j\u2019ai eu droit, quand nous \u00e9tions encore \u00e0 l\u2019h\u00f4pital, \u00e0 un pipi + caca sur moi ! Et il y a d\u00e9j\u00e0 tellement de beaux souvenirs. Le premier \u00ab\u00a0papa\u00a0\u00bb de mon fils, le premier fou rire ensemble, son premier bisou qui date d\u2019il y a juste quelques semaines\u2026 \u00bb.<\/i><\/p>\n\n\n\n<p>L\u2019histoire de Ga\u00ebl est forte et d\u00e9finitivement inspirante \u00e0 bien des \u00e9gards. Pr\u00e9sent durant des mois \u00e0 l\u2019h\u00f4pital aupr\u00e8s de son fils avec sa femme, il a ensuite choisi de transformer cet \u00e9pisode de vie en une entreprise pour aider d\u2019autres parents de b\u00e9b\u00e9s pr\u00e9matur\u00e9s. Avec l\u2019engagement et le regard tourn\u00e9 vers l\u2019autre chevill\u00e9 au corps de son papa, le petit Mah\u00e9 peut grandir sereinement. Son papa sera l\u00e0, \u00e0 ses c\u00f4t\u00e9s, pour contribuer \u00e0 un monde plus altruiste et solidaire demain et l\u2019aider \u00e0 avancer sur le beau chemin de la vie.<\/p>\n","protected":false},"excerpt":{"rendered":"<p>Certains d\u2019entre vous le savent, mes jumeaux sont arriv\u00e9s pr\u00e9matur\u00e9ment \u00e0 7 mois. Cela a entra\u00een\u00e9 une hospitalisation de 3 semaines pour mon fils (1,6 Kg \u00e0 la naissance) et pr\u00e8s de 2 mois pour ma fille (1,1 kg \u00e0 la naissance). Pourtant, je n&rsquo;avais jamais abord\u00e9 ici le sujet de la pr\u00e9maturit\u00e9 qui concerne [&hellip;]<\/p>\n","protected":false},"author":1,"featured_media":2977,"comment_status":"open","ping_status":"open","sticky":false,"template":"","format":"standard","meta":{"footnotes":""},"categories":[19],"tags":[],"class_list":{"0":"post-2882","1":"post","2":"type-post","3":"status-publish","4":"format-standard","5":"has-post-thumbnail","7":"category-temoignage"},"_links":{"self":[{"href":"https:\/\/laviedepapa.info\/index.php?rest_route=\/wp\/v2\/posts\/2882","targetHints":{"allow":["GET"]}}],"collection":[{"href":"https:\/\/laviedepapa.info\/index.php?rest_route=\/wp\/v2\/posts"}],"about":[{"href":"https:\/\/laviedepapa.info\/index.php?rest_route=\/wp\/v2\/types\/post"}],"author":[{"embeddable":true,"href":"https:\/\/laviedepapa.info\/index.php?rest_route=\/wp\/v2\/users\/1"}],"replies":[{"embeddable":true,"href":"https:\/\/laviedepapa.info\/index.php?rest_route=%2Fwp%2Fv2%2Fcomments&post=2882"}],"version-history":[{"count":1,"href":"https:\/\/laviedepapa.info\/index.php?rest_route=\/wp\/v2\/posts\/2882\/revisions"}],"predecessor-version":[{"id":2885,"href":"https:\/\/laviedepapa.info\/index.php?rest_route=\/wp\/v2\/posts\/2882\/revisions\/2885"}],"wp:featuredmedia":[{"embeddable":true,"href":"https:\/\/laviedepapa.info\/index.php?rest_route=\/wp\/v2\/media\/2977"}],"wp:attachment":[{"href":"https:\/\/laviedepapa.info\/index.php?rest_route=%2Fwp%2Fv2%2Fmedia&parent=2882"}],"wp:term":[{"taxonomy":"category","embeddable":true,"href":"https:\/\/laviedepapa.info\/index.php?rest_route=%2Fwp%2Fv2%2Fcategories&post=2882"},{"taxonomy":"post_tag","embeddable":true,"href":"https:\/\/laviedepapa.info\/index.php?rest_route=%2Fwp%2Fv2%2Ftags&post=2882"}],"curies":[{"name":"wp","href":"https:\/\/api.w.org\/{rel}","templated":true}]}}