{"id":2881,"date":"2024-07-11T10:51:46","date_gmt":"2024-07-11T10:51:46","guid":{"rendered":"https:\/\/laviedepapa.info\/?p=2881"},"modified":"2024-07-13T19:15:01","modified_gmt":"2024-07-13T19:15:01","slug":"le-long-chemin-du-deuil-perinatal-lhistoire-de-sylvain","status":"publish","type":"post","link":"https:\/\/laviedepapa.info\/?p=2881","title":{"rendered":"Le long chemin du deuil p\u00e9rinatal : l&rsquo;histoire de Sylvain"},"content":{"rendered":"\n<p>Il y a des rencontres qui marquent profond\u00e9ment. Certaines histoires de parents peuvent \u00eatre particuli\u00e8rement bouleversantes. En France, environ 7 000 familles sont affect\u00e9es chaque ann\u00e9e par le deuil p\u00e9rinatal. Ce terme d\u00e9signe la perte d\u2019un enfant durant la grossesse, l\u2019accouchement ou les premiers mois de vie. C\u2019est un sujet encore tr\u00e8s tabou, notamment en ce qui concerne l\u2019exp\u00e9rience des p\u00e8res.<\/p>\n\n\n\n<p>Quand j\u2019ai rencontr\u00e9 Sylvain et qu\u2019il m\u2019a racont\u00e9 son histoire, j\u2019ai voulu le faire t\u00e9moigner. Pour aider \u00e0 briser le silence autour de ce sujet et pour que la soci\u00e9t\u00e9 change sa perception du deuil p\u00e9rinatal. Sylvain partage son histoire avec une grande sensibilit\u00e9 et une sinc\u00e9rit\u00e9 touchante. Merci pour ta force, Sylvain.<\/p>\n\n\n\n<h2 class=\"wp-block-heading\">Une grossesse sous tension<\/h2>\n\n\n\n<p>Sylvain, 42 ans, architecte d\u2019int\u00e9rieur, et Isabelle, 33 ans, \u00e9ducatrice sp\u00e9cialis\u00e9e pour enfants autistes, se sont rencontr\u00e9s il y a dix ans. \u00c0 cette \u00e9poque, Sylvain traversait une p\u00e9riode difficile en raison de la maladie de son p\u00e8re. Isabelle, par sa douceur, l\u2019a beaucoup aid\u00e9. Quelques ann\u00e9es plus tard, sous une forte pression professionnelle, Sylvain a souffert d\u2019une d\u00e9pression et a \u00e9t\u00e9 hospitalis\u00e9 pendant deux mois. *J\u2019\u00e9tais dans un contr\u00f4le permanent, trop perfectionniste. Cela m\u2019a fait tomber. Mais Isabelle ne m\u2019a pas abandonn\u00e9. Elle venait chaque matin \u00e0 l\u2019h\u00f4pital. Cet \u00e9pisode de nos vies a renforc\u00e9 encore plus notre couple.*<\/p>\n\n\n\n<p>Le jour de ses 41 ans, Isabelle lui annonce qu\u2019elle est enceinte. Apr\u00e8s un moment de stress, Sylvain se r\u00e9jouit de cette nouvelle. *J\u2019\u00e9tais tr\u00e8s heureux. Je me disais que j\u2019allais pouvoir vivre pleinement d\u00e9sormais. Cette grossesse a nettoy\u00e9 mes angoisses.* La grossesse se d\u00e9roule principalement durant la p\u00e9riode du Covid-19, ce qui rend les choses compliqu\u00e9es. *Isabelle ne pouvait pas voir ses amis. C\u2019\u00e9tait difficile pour elle. La grossesse se d\u00e9roulait tr\u00e8s bien au niveau physique, mais c\u2019\u00e9tait plus compliqu\u00e9 au niveau psychologique pour elle. Isabelle est une enfant adopt\u00e9e, la grossesse a fait rena\u00eetre des souvenirs. Elle avait tr\u00e8s peur qu\u2019il se passe quelque chose pour le b\u00e9b\u00e9\u2026*<\/p>\n\n\n\n<p>Cette peur a motiv\u00e9 Sylvain \u00e0 s\u2019investir pleinement. *Je me suis senti p\u00e8re durant toute la grossesse. Je m\u2019occupais d\u2019Isabelle, de la maison. J\u2019ai cr\u00e9\u00e9 une nouvelle chambre pour notre futur b\u00e9b\u00e9. Tout \u00e9tait pr\u00eat.* \u00c0 partir du septi\u00e8me mois, les risques de pr\u00e9maturit\u00e9 \u00e9tant pass\u00e9s, Isabelle se d\u00e9tend. Le couple profite des derniers moments \u00e0 deux, impatients de rencontrer leur fille, Ana\u00eb, dont le pr\u00e9nom signifie *gr\u00e2ce* en h\u00e9breu.<\/p>\n\n\n\n<h2 class=\"wp-block-heading\">Le jour de la perte du b\u00e9b\u00e9<\/h2>\n\n\n\n<p>Lors de la derni\u00e8re \u00e9chographie, tout semblait aller bien pour le b\u00e9b\u00e9. La naissance \u00e9tait pr\u00e9vue une semaine avant le terme. Trois jours avant la date d\u2019accouchement, d\u00e9but juillet 2020, Isabelle ne sent plus son b\u00e9b\u00e9 bouger. Apr\u00e8s quelques heures, ils se rendent aux urgences. *Je pense \u00e0 ce moment encore tous les jours aujourd\u2019hui. Pourtant, sur l\u2019instant, je n\u2019\u00e9tais pas inquiet.*<\/p>\n\n\n\n<p>\u00c0 l\u2019h\u00f4pital, en pleine crise sanitaire, l\u2019attente est longue. Sylvain doit rester en salle d\u2019attente. *L\u2019infirmi\u00e8re est revenue me chercher. Elle portait son masque. Mais j\u2019ai de suite compris dans son regard qu\u2019il y avait un probl\u00e8me. Elle n\u2019a pas parl\u00e9, m\u2019a amen\u00e9 aupr\u00e8s d\u2019Isabelle et est partie en courant. Dans la salle d\u2019examen, Isabelle \u00e9tait debout, nue, seule, le ventre humide avec le gel et le \u00ab\u00a0bip\u00a0\u00bb au sol.*<\/p>\n\n\n\n<p>Elle lui dit qu\u2019ils n\u2019entendent plus le c\u0153ur. *Je me suis assis \u00e0 ses c\u00f4t\u00e9s et pour la premi\u00e8re fois, je n\u2019ai pas su la rassurer. J\u2019ai pens\u00e9 \u00e0 un accouchement en urgence. Le temps d\u2019attente m\u2019a sembl\u00e9 une \u00e9ternit\u00e9. Un docteur est finalement arriv\u00e9 en courant. Il a de nouveau contr\u00f4l\u00e9 le c\u0153ur de notre b\u00e9b\u00e9. Il n\u2019y avait aucun mouvement sur la machine. Le docteur ne parlait pas. Il souhaitait que l\u2019on comprenne par nous-m\u00eames. J\u2019ai fini par lui demander si on pouvait refaire battre le c\u0153ur de notre fille. Non. Je me suis \u00e9vanoui.*<\/p>\n\n\n\n<p>Quand Sylvain revient \u00e0 lui, il prend Isabelle dans ses bras. *On a ressenti une pouss\u00e9e d\u2019amour tr\u00e8s forte entre nous, d\u2019une intensit\u00e9 incroyable. On ne pouvait plus nous s\u00e9parer. Le docteur est sorti pour nous laisser vivre ce moment.*<\/p>\n\n\n\n<h2 class=\"wp-block-heading\">Les jours d\u2019apr\u00e8s \u00e0 l\u2019h\u00f4pital<\/h2>\n\n\n\n<p>L\u2019\u00e9quipe m\u00e9dicale revient et explique au couple qu\u2019il est souhaitable de proc\u00e9der \u00e0 un accouchement naturel dans quelques jours. *Je ne comprenais plus rien. La plus belle chose de ma vie s\u2019\u00e9tait transform\u00e9e en la plus horrible. Et pourquoi laisser ma femme avec notre b\u00e9b\u00e9 mort dans son ventre&nbsp;?* L\u2019accouchement est programm\u00e9 trois jours apr\u00e8s. L\u2019obst\u00e9tricienne leur explique que cela leur permet d\u2019accepter le deuil et de prendre le temps d\u2019en parler \u00e0 deux. *Elle nous parle d\u2019avenir, qu\u2019une c\u00e9sarienne exige d\u2019attendre un an avant de pouvoir faire un nouvel enfant, d\u2019o\u00f9 l\u2019accouchement naturel.* La pr\u00e9sence de Sylvain est souhait\u00e9e par l\u2019\u00e9quipe m\u00e9dicale. Sylvain et Isabelle d\u00e9cident de rester \u00e0 l\u2019h\u00f4pital en attendant. Au milieu des cris d\u2019autres b\u00e9b\u00e9s venus au monde, des familles heureuses et des f\u00e9licitations des proches.<\/p>\n\n\n\n<p>En attendant, *pour survivre*, Sylvain d\u00e9cide de passer \u00e0 l\u2019action. Pour prot\u00e9ger Isabelle des futurs appels et messages, il envoie un SMS \u00e0 leurs proches :<\/p>\n\n\n\n<p><i>*D\u00e9sol\u00e9 pour la brutalit\u00e9 de ce message, nous avons appris le d\u00e9c\u00e8s de notre fille\u2026 Isabelle, avec un courage extraordinaire&nbsp;! a accouch\u00e9 \u00e0 mes c\u00f4t\u00e9s. L\u2019\u00e9quipe formidable nous a permis de prendre Ana\u00eb dans nos bras car elle \u00e9tait belle. (Il semblerait que le cordon entourait et serrait notre fille). Isabelle se repose, nous ne regrettons pas d\u2019avoir \u00e9t\u00e9 jusqu\u2019au bout de la d\u00e9marche aussi surr\u00e9aliste qu\u2019elle soit, je prends soin d\u2019Isabelle que j\u2019aime tellement.*<\/i><\/p>\n\n\n\n<p>Puis vient le jour de l\u2019accouchement. *Isabelle a \u00e9t\u00e9 incroyablement forte. Jusqu\u2019\u00e0 l\u2019arriv\u00e9e d\u2019Ana\u00eb. C\u2019\u00e9tait dur pour Isabelle. Elle avait peur de la derni\u00e8re pouss\u00e9e. Elle disait \u00ab&nbsp;Je ne vais pas l\u2019entendre pleurer&nbsp;\u00bb. Les \u00e9quipes ont accueilli Ana\u00eb, l\u2019ont nettoy\u00e9e et habill\u00e9e. Et il n\u2019a pas \u00e9t\u00e9 n\u00e9cessaire de la maquiller. Ils nous l\u2019ont d\u2019abord pr\u00e9sent\u00e9e de loin. Puis Isabelle l\u2019a prise dans ses bras. Je me suis d\u2019abord recul\u00e9. Puis j\u2019ai touch\u00e9 sa jambe. Je l\u2019ai regard\u00e9e. Mais je n\u2019ai pas su la prendre dans mes bras.* Toujours en mode *survie*, Sylvain s\u2019occupe ensuite des diff\u00e9rentes formalit\u00e9s administratives. Il inscrit sa fille sur le livret de famille. S\u2019occupe de l\u2019incin\u00e9ration et du columbarium. *J\u2019ai choisi le plus joli cimeti\u00e8re de notre ville, avec beaucoup d\u2019arbres. Je voulais pouvoir raconter de belles histoires \u00e0 ma femme\u2026*<\/p>\n\n\n\n<h2 class=\"wp-block-heading\">Le retour \u00e0 la maison&nbsp;: papa et deuil p\u00e9rinatal<\/h2>\n\n\n\n<p>Sylvain a peu de souvenirs de leur retour \u00e0 la maison. Il pr\u00e9vient les voisins, les endroits o\u00f9 ils avaient l\u2019habitude d\u2019aller, pour prot\u00e9ger Isabelle des questions. *Je ne voulais pas qu\u2019Isabelle ait \u00e0 faire face aux questions. Sans cela, je savais qu\u2019elle ne serait pas sortie de chez nous durant de longs mois.* Aujourd\u2019hui, le couple pense \u00e0 d\u00e9m\u00e9nager. *Pour changer de lieu, trop charg\u00e9 en souvenirs\u2026*<\/p>\n\n\n\n<p>Sylvain navigue entre son r\u00f4le de p\u00e8re et le deuil p\u00e9rinatal. Sa priorit\u00e9 est de s\u2019occuper de sa femme. *Je pensais que j\u2019allais m\u2019\u00e9crouler. Mais cela n\u2019a pas \u00e9t\u00e9 le cas. Je voulais amener la vie \u00e0 Isabelle. Alors je me suis forc\u00e9 \u00e0 prendre des enfants d\u2019amis dans les bras. Puis j\u2019en \u00e9tais malade juste apr\u00e8s, quand j\u2019\u00e9tais seul.* Les r\u00e9seaux sociaux sont aussi difficiles \u00e0 appr\u00e9hender pour Sylvain&nbsp;: *Voir les enfants qui grandissent, ceux qui auraient l\u2019\u00e2ge d\u2019Ana\u00eb aujourd\u2019hui, \u2026 C\u2019est compliqu\u00e9 encore pour moi aujourd\u2019hui.* Sylvain d\u00e9cide aussi que le couple a besoin de se faire accompagner par un psy sp\u00e9cialis\u00e9 dans le deuil des enfants.<\/p>\n\n\n\n<h2 class=\"wp-block-heading\">Deuil p\u00e9rinatal et l\u2019entourage<\/h2>\n\n\n\n<p>Au-del\u00e0 du couple, l\u2019entourage joue un r\u00f4le cl\u00e9 dans le deuil p\u00e9rinatal. *Je n\u2019ai pas eu la fiert\u00e9 et la chance d\u2019\u00eatre pleinement papa. Je n\u2019ai pas eu les f\u00e9licitations, les pleurs, les cadeaux. Mais la situation est hors norme. Je n\u2019en veux \u00e0 personne. Si cela m\u2019\u00e9tait arriv\u00e9 quand j\u2019avais 25 ans, j\u2019en aurai voulu \u00e0 tout le monde. L\u00e0, je comprends. Finalement, ce sont surtout les personnes de 60\/70 ans, pleines de sagesse, qui m\u2019ont fait du bien.*<\/p>\n\n\n\n<p>Souvent, l\u2019attention est port\u00e9e sur la maman, moins sur le papa. *Nos proches s\u2019inqui\u00e9taient et soutenaient Isabelle. Et ils me parlaient souvent de sa d\u00e9tresse. Et je le comprends, la souffrance pour la m\u00e8re est dramatique. Mais on ne pense pas que le papa doit g\u00e9rer la souffrance de sa femme et la sienne, qui est, elle aussi tr\u00e8s forte.*<\/p>\n\n\n\n<p>Sylvain confie sa difficult\u00e9 \u00e0 revoir certains amis. *J\u2019ai peur de partager du temps avec des amis qui ont des enfants, c\u2019est encore difficile.* Avec ses parents, la relation a aussi \u00e9volu\u00e9. *Avec mon papa, c\u2019est une relation de p\u00e8re \u00e0 p\u00e8re. Je le sens fier de comment j\u2019accompagne Isabelle.*<\/p>\n\n\n\n<h2 class=\"wp-block-heading\">La lente re-construction<\/h2>\n\n\n\n<p>La perte d\u2019un enfant impacte forc\u00e9ment le couple. *La mort d\u2019un enfant, \u00e7a casse ou \u00e7a renforce le couple. \u00c7a le casse dans 70&nbsp;% des cas. Nous, cela nous a renforc\u00e9s.* Aujourd\u2019hui Isabelle va mieux. Sylvain, par effet de balancier, commence \u00e0 flancher. Il conna\u00eet bien les signes de la d\u00e9pression et les reconna\u00eet. Mais il veut faire face et ne pas retomber. *Papa et deuil p\u00e9rinatal, c\u2019est un long chemin\u2026 Les psys nous disent que l\u2019on n\u2019avancera pas au m\u00eame rythme.*<\/p>\n\n\n\n<p>Sylvain avait commenc\u00e9 le faire-part de naissance juste avant le d\u00e9c\u00e8s de sa fille. Il l\u2019a termin\u00e9 quelques jours apr\u00e8s, mais a d\u00e9cid\u00e9 de ne l\u2019envoyer que r\u00e9cemment. *Cela me permet de partager ma douleur. Je peux le faire maintenant.* Mais le papa n\u2019est pas encore pr\u00eat \u00e0 tout. *J\u2019ai des photos de ma fille \u00e0 l\u2019h\u00f4pital. Je n\u2019ai pas encore eu le courage d\u2019y aller. Mais je sais que je vais le faire. Bient\u00f4t.*<\/p>\n\n\n\n<h2 class=\"wp-block-heading\">Et maintenant\u2026<\/h2>\n\n\n\n<p>Aujourd\u2019hui, le couple souhaite avoir un nouvel enfant. *Ce n\u2019est pas simple, le deuil n\u2019est pas encore fait. Et on sait que la grossesse sera lourde \u00e0 g\u00e9rer psychologiquement. En m\u00eame temps, plus je vieillis, moins j\u2019ai de certitude. Je veux faire confiance en la vie.*<\/p>\n\n\n\n<p>Pour continuer de faire face \u00e0 cette dualit\u00e9 de p\u00e8re et deuil p\u00e9rinatal, Sylvain a eu besoin, au travers de notre \u00e9change, de s\u2019exprimer pleinement sur son histoire. Peut-\u00eatre rejoindra-t-il plus tard des associations qui aident les parents dans cette \u00e9preuve.<\/p>\n\n\n\n<p>Sylvain et Isabelle se rendent r\u00e9guli\u00e8rement au cimeti\u00e8re pour voir Ana\u00eb. Juste \u00e0 c\u00f4t\u00e9 de son emplacement se trouve celui d\u2019Arthur, un petit gar\u00e7on d\u00e9c\u00e9d\u00e9 un mois avant Ana\u00eb. Lors de leur derni\u00e8re visite, une fleur avait \u00e9t\u00e9 d\u00e9pos\u00e9e, probablement par les parents d\u2019Arthur. Sylvain se dit qu\u2019il les rencontrera un jour, pour parler de leurs enfants. Car finalement, un enfant ne meurt jamais\u2026<\/p>\n","protected":false},"excerpt":{"rendered":"<p>Il y a des rencontres qui marquent profond\u00e9ment. Certaines histoires de parents peuvent \u00eatre particuli\u00e8rement bouleversantes. En France, environ 7 000 familles sont affect\u00e9es chaque ann\u00e9e par le deuil p\u00e9rinatal. Ce terme d\u00e9signe la perte d\u2019un enfant durant la grossesse, l\u2019accouchement ou les premiers mois de vie. C\u2019est un sujet encore tr\u00e8s tabou, notamment en [&hellip;]<\/p>\n","protected":false},"author":1,"featured_media":2976,"comment_status":"open","ping_status":"open","sticky":false,"template":"","format":"standard","meta":{"footnotes":""},"categories":[19],"tags":[],"class_list":{"0":"post-2881","1":"post","2":"type-post","3":"status-publish","4":"format-standard","5":"has-post-thumbnail","7":"category-temoignage"},"_links":{"self":[{"href":"https:\/\/laviedepapa.info\/index.php?rest_route=\/wp\/v2\/posts\/2881","targetHints":{"allow":["GET"]}}],"collection":[{"href":"https:\/\/laviedepapa.info\/index.php?rest_route=\/wp\/v2\/posts"}],"about":[{"href":"https:\/\/laviedepapa.info\/index.php?rest_route=\/wp\/v2\/types\/post"}],"author":[{"embeddable":true,"href":"https:\/\/laviedepapa.info\/index.php?rest_route=\/wp\/v2\/users\/1"}],"replies":[{"embeddable":true,"href":"https:\/\/laviedepapa.info\/index.php?rest_route=%2Fwp%2Fv2%2Fcomments&post=2881"}],"version-history":[{"count":1,"href":"https:\/\/laviedepapa.info\/index.php?rest_route=\/wp\/v2\/posts\/2881\/revisions"}],"predecessor-version":[{"id":2884,"href":"https:\/\/laviedepapa.info\/index.php?rest_route=\/wp\/v2\/posts\/2881\/revisions\/2884"}],"wp:featuredmedia":[{"embeddable":true,"href":"https:\/\/laviedepapa.info\/index.php?rest_route=\/wp\/v2\/media\/2976"}],"wp:attachment":[{"href":"https:\/\/laviedepapa.info\/index.php?rest_route=%2Fwp%2Fv2%2Fmedia&parent=2881"}],"wp:term":[{"taxonomy":"category","embeddable":true,"href":"https:\/\/laviedepapa.info\/index.php?rest_route=%2Fwp%2Fv2%2Fcategories&post=2881"},{"taxonomy":"post_tag","embeddable":true,"href":"https:\/\/laviedepapa.info\/index.php?rest_route=%2Fwp%2Fv2%2Ftags&post=2881"}],"curies":[{"name":"wp","href":"https:\/\/api.w.org\/{rel}","templated":true}]}}