{"id":2868,"date":"2024-07-11T10:42:55","date_gmt":"2024-07-11T10:42:55","guid":{"rendered":"https:\/\/laviedepapa.info\/?p=2868"},"modified":"2024-07-13T19:07:42","modified_gmt":"2024-07-13T19:07:42","slug":"comprendre-et-surmonter-lexclusion-des-peres","status":"publish","type":"post","link":"https:\/\/laviedepapa.info\/?p=2868","title":{"rendered":"Comprendre et surmonter l&rsquo;exclusion des p\u00e8res"},"content":{"rendered":"\n<p>De nombreux p\u00e8res ressentent une mise \u00e0 l&rsquo;\u00e9cart de la vie de leur enfant. Cette impression g\u00e9n\u00e8re un mal-\u00eatre et une tristesse profonde. Mais quelles sont les raisons de ce sentiment et quelles actions entreprendre pour y rem\u00e9dier ?<\/p>\n\n\n\n<h2 class=\"wp-block-heading\">Pourquoi les p\u00e8res se sentent exclus : le r\u00f4le de la m\u00e8re<\/h2>\n\n\n\n<p>La m\u00e8re a port\u00e9 l&rsquo;enfant pendant neuf mois, ce qui place souvent le p\u00e8re en retrait. \u00c0 la naissance, il arrive que la m\u00e8re, consciemment ou non, ne d\u00e9l\u00e8gue au p\u00e8re que les t\u00e2ches m\u00e9nag\u00e8res ardues, limitant ainsi sa participation. Le sentiment d&rsquo;exclusion est particuli\u00e8rement fort lorsque le b\u00e9b\u00e9 est allait\u00e9, car le p\u00e8re n&rsquo;a pas la possibilit\u00e9 de nourrir l&rsquo;enfant contrairement aux parents qui utilisent le biberon. Il est possible que la m\u00e8re ne remarque pas cette situation. Dans ce cas, il est pr\u00e9f\u00e9rable que le p\u00e8re exprime son ressenti et son d\u00e9sir d&rsquo;\u00eatre davantage impliqu\u00e9 dans la vie de son enfant.<\/p>\n\n\n\n<h2 class=\"wp-block-heading\">Exclusion du p\u00e8re : r\u00e9agissez et impliquez-vous<\/h2>\n\n\n\n<p>Que l&rsquo;attitude de la m\u00e8re soit volontaire ou non, il est essentiel de r\u00e9agir. Ne restez pas en retrait. Les premiers jours, les premiers mois et la petite enfance passent rapidement. Vous ne pourrez pas revivre ces moments avec votre enfant. Impliquez-vous d\u00e9licatement aupr\u00e8s de la m\u00e8re et faites-lui comprendre que vous souhaitez participer activement \u00e0 la vie quotidienne du b\u00e9b\u00e9. Par exemple, si elle allaite, vous pouvez prendre le relais apr\u00e8s la t\u00e9t\u00e9e pour faire faire son rot \u00e0 l&rsquo;enfant. Ces instants partag\u00e9s sont des moments privil\u00e9gi\u00e9s. Avant la sieste, profitez-en pour bercer votre b\u00e9b\u00e9 ou lui offrir un massage relaxant, tr\u00e8s b\u00e9n\u00e9fique pour lui. Les opportunit\u00e9s sont nombreuses, il suffit de prendre l&rsquo;initiative et de ne pas se contenter d&rsquo;\u00eatre mis \u00e0 l&rsquo;\u00e9cart.<\/p>\n","protected":false},"excerpt":{"rendered":"<p>De nombreux p\u00e8res ressentent une mise \u00e0 l&rsquo;\u00e9cart de la vie de leur enfant. Cette impression g\u00e9n\u00e8re un mal-\u00eatre et une tristesse profonde. Mais quelles sont les raisons de ce sentiment et quelles actions entreprendre pour y rem\u00e9dier ? Pourquoi les p\u00e8res se sentent exclus : le r\u00f4le de la m\u00e8re La m\u00e8re a port\u00e9 [&hellip;]<\/p>\n","protected":false},"author":1,"featured_media":2970,"comment_status":"open","ping_status":"open","sticky":false,"template":"","format":"standard","meta":{"footnotes":""},"categories":[18],"tags":[],"class_list":{"0":"post-2868","1":"post","2":"type-post","3":"status-publish","4":"format-standard","5":"has-post-thumbnail","7":"category-pratique"},"_links":{"self":[{"href":"https:\/\/laviedepapa.info\/index.php?rest_route=\/wp\/v2\/posts\/2868","targetHints":{"allow":["GET"]}}],"collection":[{"href":"https:\/\/laviedepapa.info\/index.php?rest_route=\/wp\/v2\/posts"}],"about":[{"href":"https:\/\/laviedepapa.info\/index.php?rest_route=\/wp\/v2\/types\/post"}],"author":[{"embeddable":true,"href":"https:\/\/laviedepapa.info\/index.php?rest_route=\/wp\/v2\/users\/1"}],"replies":[{"embeddable":true,"href":"https:\/\/laviedepapa.info\/index.php?rest_route=%2Fwp%2Fv2%2Fcomments&post=2868"}],"version-history":[{"count":1,"href":"https:\/\/laviedepapa.info\/index.php?rest_route=\/wp\/v2\/posts\/2868\/revisions"}],"predecessor-version":[{"id":2871,"href":"https:\/\/laviedepapa.info\/index.php?rest_route=\/wp\/v2\/posts\/2868\/revisions\/2871"}],"wp:featuredmedia":[{"embeddable":true,"href":"https:\/\/laviedepapa.info\/index.php?rest_route=\/wp\/v2\/media\/2970"}],"wp:attachment":[{"href":"https:\/\/laviedepapa.info\/index.php?rest_route=%2Fwp%2Fv2%2Fmedia&parent=2868"}],"wp:term":[{"taxonomy":"category","embeddable":true,"href":"https:\/\/laviedepapa.info\/index.php?rest_route=%2Fwp%2Fv2%2Fcategories&post=2868"},{"taxonomy":"post_tag","embeddable":true,"href":"https:\/\/laviedepapa.info\/index.php?rest_route=%2Fwp%2Fv2%2Ftags&post=2868"}],"curies":[{"name":"wp","href":"https:\/\/api.w.org\/{rel}","templated":true}]}}