{"id":2854,"date":"2024-07-11T10:33:36","date_gmt":"2024-07-11T10:33:36","guid":{"rendered":"https:\/\/laviedepapa.info\/?p=2854"},"modified":"2024-07-13T18:56:47","modified_gmt":"2024-07-13T18:56:47","slug":"les-vetements-indispensables-pour-les-enfants-en-ete","status":"publish","type":"post","link":"https:\/\/laviedepapa.info\/?p=2854","title":{"rendered":"Les v\u00eatements indispensables pour les enfants en \u00e9t\u00e9"},"content":{"rendered":"\n<p>L&rsquo;\u00e9t\u00e9 est enfin l\u00e0, et c&rsquo;est le moment id\u00e9al pour planifier vos vacances. Cependant, avant la fin de l&rsquo;ann\u00e9e scolaire et le d\u00e9part vers une destination de r\u00eave, il est crucial de penser aux v\u00eatements de vos enfants. En effet, cet aspect est primordial pour assurer leur confort durant la saison estivale.<\/p>\n\n\n\n<h2 class=\"wp-block-heading\">Pr\u00e9parer la garde-robe estivale des enfants<\/h2>\n\n\n\n<p>La garde-robe de vos enfants doit \u00eatre mise \u00e0 jour d\u00e8s l&rsquo;apparition des beaux jours. Oubliez les manteaux \u00e9pais et les pulls. Il est temps de sortir des v\u00eatements plus l\u00e9gers. Les couleurs jouent un r\u00f4le important, m\u00eame si cela ne concerne pas toujours les plus jeunes.<\/p>\n\n\n\n<p><i>Source : Pixabay.<\/i><\/p>\n\n\n\n<p><i>Source : Pixabay.<\/i><\/p>\n\n\n\n<h2 class=\"wp-block-heading\">Choisir des v\u00eatements confortables pour les b\u00e9b\u00e9s<\/h2>\n\n\n\n<p>Contrairement aux enfants plus \u00e2g\u00e9s, les b\u00e9b\u00e9s ont besoin de v\u00eatements offrant un confort optimal. Il est essentiel que ceux-ci ne soient ni trop chauds, ni trop froids. Votre enfant veut \u00e9galement profiter du soleil. Apr\u00e8s de nombreux mois pass\u00e9s sous des v\u00eatements trop chauds, il est enfin possible de le laisser respirer \u00e0 l&rsquo;air libre.<\/p>\n\n\n\n<p>Les v\u00eatements pour b\u00e9b\u00e9 doivent aussi \u00eatre adapt\u00e9s aux variations de temp\u00e9rature et offrir une protection maximale contre les rayons UV. En \u00e9t\u00e9, pensez toujours \u00e0 munir votre b\u00e9b\u00e9 d&rsquo;un chapeau. Ne le laissez pas trop expos\u00e9 au soleil.<\/p>\n\n\n\n<h2 class=\"wp-block-heading\">Comment choisir les v\u00eatements d&rsquo;\u00e9t\u00e9 pour b\u00e9b\u00e9<\/h2>\n\n\n\n<p>Tout comme pour les adultes, les enfants ont \u00e9galement leur propre mode estivale. Aujourd&rsquo;hui, de nombreuses marques sp\u00e9cialis\u00e9es proposent des v\u00eatements pour enfants. Le choix des mat\u00e9riaux est crucial pour les v\u00eatements de b\u00e9b\u00e9, et il est recommand\u00e9 de privil\u00e9gier le coton.<\/p>\n\n\n\n<p>En ce qui concerne les couleurs et les motifs, le choix est vaste. Les enfants aiment souvent les motifs de super h\u00e9ros ou de princesses. Pour les gar\u00e7ons, les premiers sont id\u00e9aux, tandis que pour les filles, les motifs fleuris sont pr\u00e9f\u00e9r\u00e9s. Cependant, il est aussi possible de choisir des v\u00eatements plus sobres pour les plus jeunes.<\/p>\n","protected":false},"excerpt":{"rendered":"<p>L&rsquo;\u00e9t\u00e9 est enfin l\u00e0, et c&rsquo;est le moment id\u00e9al pour planifier vos vacances. Cependant, avant la fin de l&rsquo;ann\u00e9e scolaire et le d\u00e9part vers une destination de r\u00eave, il est crucial de penser aux v\u00eatements de vos enfants. En effet, cet aspect est primordial pour assurer leur confort durant la saison estivale. Pr\u00e9parer la garde-robe [&hellip;]<\/p>\n","protected":false},"author":1,"featured_media":2965,"comment_status":"open","ping_status":"open","sticky":false,"template":"","format":"standard","meta":{"footnotes":""},"categories":[18],"tags":[],"class_list":{"0":"post-2854","1":"post","2":"type-post","3":"status-publish","4":"format-standard","5":"has-post-thumbnail","7":"category-pratique"},"_links":{"self":[{"href":"https:\/\/laviedepapa.info\/index.php?rest_route=\/wp\/v2\/posts\/2854","targetHints":{"allow":["GET"]}}],"collection":[{"href":"https:\/\/laviedepapa.info\/index.php?rest_route=\/wp\/v2\/posts"}],"about":[{"href":"https:\/\/laviedepapa.info\/index.php?rest_route=\/wp\/v2\/types\/post"}],"author":[{"embeddable":true,"href":"https:\/\/laviedepapa.info\/index.php?rest_route=\/wp\/v2\/users\/1"}],"replies":[{"embeddable":true,"href":"https:\/\/laviedepapa.info\/index.php?rest_route=%2Fwp%2Fv2%2Fcomments&post=2854"}],"version-history":[{"count":1,"href":"https:\/\/laviedepapa.info\/index.php?rest_route=\/wp\/v2\/posts\/2854\/revisions"}],"predecessor-version":[{"id":2860,"href":"https:\/\/laviedepapa.info\/index.php?rest_route=\/wp\/v2\/posts\/2854\/revisions\/2860"}],"wp:featuredmedia":[{"embeddable":true,"href":"https:\/\/laviedepapa.info\/index.php?rest_route=\/wp\/v2\/media\/2965"}],"wp:attachment":[{"href":"https:\/\/laviedepapa.info\/index.php?rest_route=%2Fwp%2Fv2%2Fmedia&parent=2854"}],"wp:term":[{"taxonomy":"category","embeddable":true,"href":"https:\/\/laviedepapa.info\/index.php?rest_route=%2Fwp%2Fv2%2Fcategories&post=2854"},{"taxonomy":"post_tag","embeddable":true,"href":"https:\/\/laviedepapa.info\/index.php?rest_route=%2Fwp%2Fv2%2Ftags&post=2854"}],"curies":[{"name":"wp","href":"https:\/\/api.w.org\/{rel}","templated":true}]}}