{"id":2784,"date":"2024-07-09T13:29:51","date_gmt":"2024-07-09T13:29:51","guid":{"rendered":"https:\/\/laviedepapa.info\/?p=2784"},"modified":"2024-07-12T10:15:44","modified_gmt":"2024-07-12T10:15:44","slug":"gerer-la-phase-du-terrible-two","status":"publish","type":"post","link":"https:\/\/laviedepapa.info\/?p=2784","title":{"rendered":"G\u00e9rer la phase du terrible two"},"content":{"rendered":"\n<p>Bienvenue dans la phase du \u00a0\u00bbterrible two\u00a0\u00bb : une p\u00e9riode o\u00f9 les \u00a0\u00bbnon !\u00a0\u00bb deviennent fr\u00e9quents dans le vocabulaire de votre enfant. Gardez \u00e0 l&rsquo;esprit que ses comportements ne sont pas des actes de d\u00e9fi envers vous ; elle d\u00e9veloppe son autonomie et apprend \u00e0 exprimer ses frustrations. Voici quelques conseils pour y faire face.<\/p>\n\n\n\n<p>La petite enfance n&rsquo;est pas seulement une \u00e9tape embarrassante \u00e0 traverser rapidement. C&rsquo;est une p\u00e9riode cruciale dans le d\u00e9veloppement de votre enfant, et il est donc essentiel de bien la g\u00e9rer.<\/p>\n\n\n\n<h2 class=\"wp-block-heading\">Les manifestations du terrible two<\/h2>\n\n\n\n<p>Lorsque les \u00a0\u00bbnon !\u00a0\u00bb sont fr\u00e9quents dans le langage de votre enfant. Gardez \u00e0 l&rsquo;esprit que ses comportements ne sont pas des actes de d\u00e9fiance envers vous ; il d\u00e9veloppe son autonomie et apprend \u00e0 exprimer sa frustration. Voici quelques conseils pour y faire face.<\/p>\n\n\n\n<p>Durant les deux prochaines ann\u00e9es, il devra apprendre \u00e0 faire ce que les enfants font et ce que les b\u00e9b\u00e9s ne font pas, comme passer des couches aux sous-v\u00eatements et du berceau au lit. Il doit pouvoir manger et boire sans biberon ni gobelet. Et il doit conna\u00eetre suffisamment les r\u00e8gles de la cour de r\u00e9cr\u00e9ation pour bien s&rsquo;entendre avec les autres enfants.<\/p>\n\n\n\n<h2 class=\"wp-block-heading\">Comment discipliner votre enfant pendant cette p\u00e9riode ?<\/h2>\n\n\n\n<p>Bien que la discipline soit n\u00e9cessaire pour assurer sa s\u00e9curit\u00e9 et lui apprendre \u00e0 distinguer le bien du mal, il est tout aussi important de donner \u00e0 votre enfant un certain contr\u00f4le sur sa vie. Pour ce faire, offrez-lui des choix : Demandez-lui s&rsquo;il pr\u00e9f\u00e8re porter une robe jaune ou bleue aujourd&rsquo;hui ou s&rsquo;il veut des bretzels ou une pomme pour le go\u00fbter. \u00c9vitez les questions ouvertes, car elles peuvent entra\u00eener de la frustration.<\/p>\n\n\n\n<p>Lors d&rsquo;une crise de col\u00e8re, il est important de rester calme et d&rsquo;\u00e9viter de renforcer involontairement le comportement. Ignorez plut\u00f4t votre enfant sans \u00e9tablir de contact visuel et attendez qu&rsquo;il se calme. Vous serez ainsi s\u00fbr de ne pas encourager un mauvais comportement.<\/p>\n","protected":false},"excerpt":{"rendered":"<p>Bienvenue dans la phase du \u00a0\u00bbterrible two\u00a0\u00bb : une p\u00e9riode o\u00f9 les \u00a0\u00bbnon !\u00a0\u00bb deviennent fr\u00e9quents dans le vocabulaire de votre enfant. Gardez \u00e0 l&rsquo;esprit que ses comportements ne sont pas des actes de d\u00e9fi envers vous ; elle d\u00e9veloppe son autonomie et apprend \u00e0 exprimer ses frustrations. Voici quelques conseils pour y faire face. [&hellip;]<\/p>\n","protected":false},"author":1,"featured_media":2930,"comment_status":"open","ping_status":"open","sticky":false,"template":"","format":"standard","meta":{"footnotes":""},"categories":[16],"tags":[],"class_list":{"0":"post-2784","1":"post","2":"type-post","3":"status-publish","4":"format-standard","5":"has-post-thumbnail","7":"category-enfant"},"_links":{"self":[{"href":"https:\/\/laviedepapa.info\/index.php?rest_route=\/wp\/v2\/posts\/2784","targetHints":{"allow":["GET"]}}],"collection":[{"href":"https:\/\/laviedepapa.info\/index.php?rest_route=\/wp\/v2\/posts"}],"about":[{"href":"https:\/\/laviedepapa.info\/index.php?rest_route=\/wp\/v2\/types\/post"}],"author":[{"embeddable":true,"href":"https:\/\/laviedepapa.info\/index.php?rest_route=\/wp\/v2\/users\/1"}],"replies":[{"embeddable":true,"href":"https:\/\/laviedepapa.info\/index.php?rest_route=%2Fwp%2Fv2%2Fcomments&post=2784"}],"version-history":[{"count":1,"href":"https:\/\/laviedepapa.info\/index.php?rest_route=\/wp\/v2\/posts\/2784\/revisions"}],"predecessor-version":[{"id":2787,"href":"https:\/\/laviedepapa.info\/index.php?rest_route=\/wp\/v2\/posts\/2784\/revisions\/2787"}],"wp:featuredmedia":[{"embeddable":true,"href":"https:\/\/laviedepapa.info\/index.php?rest_route=\/wp\/v2\/media\/2930"}],"wp:attachment":[{"href":"https:\/\/laviedepapa.info\/index.php?rest_route=%2Fwp%2Fv2%2Fmedia&parent=2784"}],"wp:term":[{"taxonomy":"category","embeddable":true,"href":"https:\/\/laviedepapa.info\/index.php?rest_route=%2Fwp%2Fv2%2Fcategories&post=2784"},{"taxonomy":"post_tag","embeddable":true,"href":"https:\/\/laviedepapa.info\/index.php?rest_route=%2Fwp%2Fv2%2Ftags&post=2784"}],"curies":[{"name":"wp","href":"https:\/\/api.w.org\/{rel}","templated":true}]}}