{"id":2768,"date":"2024-07-09T13:24:27","date_gmt":"2024-07-09T13:24:27","guid":{"rendered":"https:\/\/laviedepapa.info\/?p=2768"},"modified":"2024-07-12T09:52:45","modified_gmt":"2024-07-12T09:52:45","slug":"preparer-le-premier-jour-de-maternelle","status":"publish","type":"post","link":"https:\/\/laviedepapa.info\/?p=2768","title":{"rendered":"Pr\u00e9parer le premier jour de maternelle"},"content":{"rendered":"\n<p>Apr\u00e8s avoir fait de nombreuses recherches, vous avez finalement choisi l&rsquo;\u00e9cole maternelle id\u00e9ale pour votre enfant. La veille, vous avez pr\u00e9par\u00e9 un sac \u00e0 dos avec des fournitures comme des crayons, du papier et des b\u00e2tons de colle. La tenue sp\u00e9ciale pour ce premier jour d&rsquo;\u00e9cole est pr\u00eate dans le placard, et la collation que vous avez pr\u00e9par\u00e9e pour la classe est emball\u00e9e et pr\u00eate \u00e0 partir.<\/p>\n\n\n\n<h2 class=\"wp-block-heading\">Se pr\u00e9parer \u00e0 dire au revoir le premier jour de maternelle<\/h2>\n\n\n\n<p>Dire au revoir \u00e0 maman et papa peut \u00eatre difficile pour de nombreux enfants d&rsquo;\u00e2ge pr\u00e9scolaire. Pour certains, c&rsquo;est une routine famili\u00e8re. Ils ont fr\u00e9quent\u00e9 la garderie pendant des ann\u00e9es ou ont simplement une personnalit\u00e9 tr\u00e8s adaptable. L&rsquo;important est de s&rsquo;assurer que vous \u00eates pr\u00eat pour que votre enfant aille \u00e0 l&rsquo;\u00e9cole maternelle.<\/p>\n\n\n\n<p>Si vous ressentez des doutes ou des inqui\u00e9tudes, votre enfant le percevra imm\u00e9diatement. Le jour J, gardez un sourire \u00e9clatant et restez positif. Cela aidera votre enfant \u00e0 comprendre que l&rsquo;\u00e9cole maternelle est une exp\u00e9rience excitante et attendue.<\/p>\n\n\n\n<h2 class=\"wp-block-heading\">Partir est la partie la plus difficile<\/h2>\n\n\n\n<p>Ne retirez pas votre enfant de la classe m\u00eame s&rsquo;il pleure car cela compliquerait son retour. L&rsquo;enseignant de votre enfant sera probablement l\u00e0 pour vous soutenir.<\/p>\n\n\n\n<p>Cela peut \u00eatre tentant, mais ne partez pas discr\u00e8tement si votre enfant est distrait par une activit\u00e9. Votre enfant doit comprendre que l&rsquo;\u00e9cole est un endroit o\u00f9 il va sans maman ni papa, et dire au revoir fait partie du processus.<\/p>\n\n\n\n<p>Ne demandez pas quand vous partez, dites simplement \u00e0 votre enfant que vous reviendrez le chercher \u00e0 la fin de la journ\u00e9e et que vous l&rsquo;aimez.<\/p>\n","protected":false},"excerpt":{"rendered":"<p>Apr\u00e8s avoir fait de nombreuses recherches, vous avez finalement choisi l&rsquo;\u00e9cole maternelle id\u00e9ale pour votre enfant. La veille, vous avez pr\u00e9par\u00e9 un sac \u00e0 dos avec des fournitures comme des crayons, du papier et des b\u00e2tons de colle. La tenue sp\u00e9ciale pour ce premier jour d&rsquo;\u00e9cole est pr\u00eate dans le placard, et la collation que [&hellip;]<\/p>\n","protected":false},"author":1,"featured_media":2922,"comment_status":"open","ping_status":"open","sticky":false,"template":"","format":"standard","meta":{"footnotes":""},"categories":[16],"tags":[],"class_list":{"0":"post-2768","1":"post","2":"type-post","3":"status-publish","4":"format-standard","5":"has-post-thumbnail","7":"category-enfant"},"_links":{"self":[{"href":"https:\/\/laviedepapa.info\/index.php?rest_route=\/wp\/v2\/posts\/2768","targetHints":{"allow":["GET"]}}],"collection":[{"href":"https:\/\/laviedepapa.info\/index.php?rest_route=\/wp\/v2\/posts"}],"about":[{"href":"https:\/\/laviedepapa.info\/index.php?rest_route=\/wp\/v2\/types\/post"}],"author":[{"embeddable":true,"href":"https:\/\/laviedepapa.info\/index.php?rest_route=\/wp\/v2\/users\/1"}],"replies":[{"embeddable":true,"href":"https:\/\/laviedepapa.info\/index.php?rest_route=%2Fwp%2Fv2%2Fcomments&post=2768"}],"version-history":[{"count":1,"href":"https:\/\/laviedepapa.info\/index.php?rest_route=\/wp\/v2\/posts\/2768\/revisions"}],"predecessor-version":[{"id":2771,"href":"https:\/\/laviedepapa.info\/index.php?rest_route=\/wp\/v2\/posts\/2768\/revisions\/2771"}],"wp:featuredmedia":[{"embeddable":true,"href":"https:\/\/laviedepapa.info\/index.php?rest_route=\/wp\/v2\/media\/2922"}],"wp:attachment":[{"href":"https:\/\/laviedepapa.info\/index.php?rest_route=%2Fwp%2Fv2%2Fmedia&parent=2768"}],"wp:term":[{"taxonomy":"category","embeddable":true,"href":"https:\/\/laviedepapa.info\/index.php?rest_route=%2Fwp%2Fv2%2Fcategories&post=2768"},{"taxonomy":"post_tag","embeddable":true,"href":"https:\/\/laviedepapa.info\/index.php?rest_route=%2Fwp%2Fv2%2Ftags&post=2768"}],"curies":[{"name":"wp","href":"https:\/\/api.w.org\/{rel}","templated":true}]}}