{"id":2744,"date":"2024-07-09T13:13:06","date_gmt":"2024-07-09T13:13:06","guid":{"rendered":"https:\/\/laviedepapa.info\/?p=2744"},"modified":"2024-07-12T09:43:37","modified_gmt":"2024-07-12T09:43:37","slug":"comment-gerer-travail-et-vie-de-famille-apres-la-naissance-dun-enfant","status":"publish","type":"post","link":"https:\/\/laviedepapa.info\/?p=2744","title":{"rendered":"Comment g\u00e9rer travail et vie de famille apr\u00e8s la naissance d&rsquo;un enfant"},"content":{"rendered":"\n<p>Alors que les m\u00e8res b\u00e9n\u00e9ficient de plusieurs semaines de cong\u00e9 maternit\u00e9, les p\u00e8res, eux, reprennent le travail apr\u00e8s seulement quelques jours. Pourtant, de retour \u00e0 la maison, ils s&rsquo;impliquent pleinement dans la vie familiale. Comment bien \u00e9quilibrer vie professionnelle et vie de famille avec un nouveau-n\u00e9 ?<\/p>\n\n\n\n<h2 class=\"wp-block-heading\">Nouveau papa, coordonnez-vous avec votre partenaire<\/h2>\n\n\n\n<p>Avec l\u2019arriv\u00e9e d\u2019un nouveau b\u00e9b\u00e9, l&rsquo;organisation est primordiale. Apr\u00e8s trois ou quatre jours \u00e0 la maternit\u00e9, la maman rentre \u00e0 la maison tandis que le papa reprend le travail. Il est crucial d\u2019\u00e9tablir un planning pr\u00e9cis pour les t\u00e2ches m\u00e9nag\u00e8res et la gestion des enfants si vous en avez d\u00e9j\u00e0. La maman passe la journ\u00e9e avec le b\u00e9b\u00e9 et est \u00e9puis\u00e9e en fin de journ\u00e9e. Le papa, apr\u00e8s une longue journ\u00e9e de travail, est \u00e9galement fatigu\u00e9. La r\u00e9partition des t\u00e2ches devient donc essentielle. Il n\u2019est jamais facile de concilier vie de famille et vie professionnelle, mais en collaborant avec votre partenaire, vous minimisez les risques de tensions.<\/p>\n\n\n\n<h2 class=\"wp-block-heading\">Prenez le temps de vous reposer<\/h2>\n\n\n\n<p>\u00c9tant donn\u00e9 que la maman a port\u00e9 le b\u00e9b\u00e9 pendant neuf mois, il est tout \u00e0 fait normal qu\u2019elle se repose apr\u00e8s l\u2019accouchement et les premiers jours qui suivent. Cependant, il faut \u00e9galement reconna\u00eetre les efforts du papa durant ces 9 mois. En plus de ses obligations professionnelles, il remplit aussi des missions dans son nouveau r\u00f4le de p\u00e8re. La fatigue ne tarde pas \u00e0 se manifester chez les nouveaux papas. Pour que tout se passe bien dans cette nouvelle famille, il est essentiel que le nouveau papa prenne du temps pour lui. C\u2019est n\u00e9cessaire pour ne pas \u00eatre submerg\u00e9 par les \u00e9v\u00e9nements. Encore mieux, pr\u00e9voyez quelques heures une fois par mois pour vous d\u00e9tendre avec votre partenaire et vous reconnecter en tant que couple, tout en vous reposant.<\/p>\n\n\n\n<ul class=\"wp-block-list\">\n<li>\u00c9tablir un planning pr\u00e9cis pour les t\u00e2ches m\u00e9nag\u00e8res<\/li>\n\n\n\n<li>Collaborer avec votre partenaire pour minimiser les tensions<\/li>\n\n\n\n<li>Prendre du temps pour soi pour \u00e9viter d&rsquo;\u00eatre submerg\u00e9<\/li>\n\n\n\n<li>Pr\u00e9voir des moments de d\u00e9tente en couple<\/li>\n<\/ul>\n","protected":false},"excerpt":{"rendered":"<p>Alors que les m\u00e8res b\u00e9n\u00e9ficient de plusieurs semaines de cong\u00e9 maternit\u00e9, les p\u00e8res, eux, reprennent le travail apr\u00e8s seulement quelques jours. Pourtant, de retour \u00e0 la maison, ils s&rsquo;impliquent pleinement dans la vie familiale. Comment bien \u00e9quilibrer vie professionnelle et vie de famille avec un nouveau-n\u00e9 ? Nouveau papa, coordonnez-vous avec votre partenaire Avec l\u2019arriv\u00e9e [&hellip;]<\/p>\n","protected":false},"author":1,"featured_media":2910,"comment_status":"open","ping_status":"open","sticky":false,"template":"","format":"standard","meta":{"footnotes":""},"categories":[15],"tags":[],"class_list":{"0":"post-2744","1":"post","2":"type-post","3":"status-publish","4":"format-standard","5":"has-post-thumbnail","7":"category-bebe"},"_links":{"self":[{"href":"https:\/\/laviedepapa.info\/index.php?rest_route=\/wp\/v2\/posts\/2744","targetHints":{"allow":["GET"]}}],"collection":[{"href":"https:\/\/laviedepapa.info\/index.php?rest_route=\/wp\/v2\/posts"}],"about":[{"href":"https:\/\/laviedepapa.info\/index.php?rest_route=\/wp\/v2\/types\/post"}],"author":[{"embeddable":true,"href":"https:\/\/laviedepapa.info\/index.php?rest_route=\/wp\/v2\/users\/1"}],"replies":[{"embeddable":true,"href":"https:\/\/laviedepapa.info\/index.php?rest_route=%2Fwp%2Fv2%2Fcomments&post=2744"}],"version-history":[{"count":1,"href":"https:\/\/laviedepapa.info\/index.php?rest_route=\/wp\/v2\/posts\/2744\/revisions"}],"predecessor-version":[{"id":2746,"href":"https:\/\/laviedepapa.info\/index.php?rest_route=\/wp\/v2\/posts\/2744\/revisions\/2746"}],"wp:featuredmedia":[{"embeddable":true,"href":"https:\/\/laviedepapa.info\/index.php?rest_route=\/wp\/v2\/media\/2910"}],"wp:attachment":[{"href":"https:\/\/laviedepapa.info\/index.php?rest_route=%2Fwp%2Fv2%2Fmedia&parent=2744"}],"wp:term":[{"taxonomy":"category","embeddable":true,"href":"https:\/\/laviedepapa.info\/index.php?rest_route=%2Fwp%2Fv2%2Fcategories&post=2744"},{"taxonomy":"post_tag","embeddable":true,"href":"https:\/\/laviedepapa.info\/index.php?rest_route=%2Fwp%2Fv2%2Ftags&post=2744"}],"curies":[{"name":"wp","href":"https:\/\/api.w.org\/{rel}","templated":true}]}}