{"id":2722,"date":"2024-07-09T12:51:47","date_gmt":"2024-07-09T12:51:47","guid":{"rendered":"https:\/\/laviedepapa.info\/?p=2722"},"modified":"2024-07-12T09:33:27","modified_gmt":"2024-07-12T09:33:27","slug":"preparer-son-enfant-pour-la-creche-elements-cles-a-considerer","status":"publish","type":"post","link":"https:\/\/laviedepapa.info\/?p=2722","title":{"rendered":"Pr\u00e9parer son enfant pour la cr\u00e8che : \u00e9l\u00e9ments cl\u00e9s \u00e0 consid\u00e9rer"},"content":{"rendered":"\n<p>Envoyer son enfant \u00e0 la cr\u00e8che demande une attention particuli\u00e8re \u00e0 divers aspects. Il est essentiel d&rsquo;\u00e9valuer le niveau d\u2019exigence du centre, son projet \u00e9ducatif ainsi que sa m\u00e9thode p\u00e9dagogique. Se renseigner ad\u00e9quatement aidera votre enfant \u00e0 bien s\u2019adapter. En plus de ce choix, voici d&rsquo;autres \u00e9l\u00e9ments \u00e0 consid\u00e9rer pour une adaptation r\u00e9ussie en cr\u00e8che.<\/p>\n\n\n\n<h2 class=\"wp-block-heading\">Planifier une p\u00e9riode d\u2019adaptation<\/h2>\n\n\n\n<p>Pour une int\u00e9gration r\u00e9ussie \u00e0 la cr\u00e8che, il est crucial de donner \u00e0 l\u2019enfant le temps n\u00e9cessaire pour s\u2019adapter. L&rsquo;int\u00e9gration \u00e0 la cr\u00e8che n\u00e9cessite une interaction entre l\u2019enfant, les parents et le personnel de la cr\u00e8che. Il est recommand\u00e9 de proc\u00e9der progressivement. La dur\u00e9e de cette p\u00e9riode peut varier en fonction des situations.<\/p>\n\n\n\n<p>Pour faciliter cette adaptation, envisagez une premi\u00e8re s\u00e9paration dans un environnement familial. Ce n\u2019est pas obligatoire, mais conseill\u00e9. L\u2019objectif est de cr\u00e9er une premi\u00e8re s\u00e9paration entre l\u2019enfant et ses parents avant l\u2019entr\u00e9e en cr\u00e8che.<\/p>\n\n\n\n<h2 class=\"wp-block-heading\">Choisir une bonne communication<\/h2>\n\n\n\n<p>Expliquez \u00e0 votre enfant que la cr\u00e8che est une s\u00e9paration temporaire. Avec une communication efficace, il comprendra qu&rsquo;il ne s\u2019agit pas d\u2019un abandon. Soulignez que vous vous retrouverez \u00e0 la fin de la journ\u00e9e, par exemple. Abordez les \u00e9motions de l\u2019enfant. Parlez-lui des belles rencontres qu\u2019il pourrait faire au centre. Plus vous rassurez votre enfant, plus il se sentira en s\u00e9curit\u00e9.<\/p>\n\n\n\n<p>Il est aussi important de dialoguer avec le personnel de la cr\u00e8che pour suivre les progr\u00e8s de votre enfant. Vous pourrez ainsi ajuster les comportements de votre enfant aux attentes de la cr\u00e8che.<\/p>\n\n\n\n<p>Enfin, donnez des rep\u00e8res temporels. Cela est particuli\u00e8rement recommand\u00e9 pour les enfants plus \u00e2g\u00e9s. Par exemple, pr\u00e9cisez \u00e0 votre enfant qu&rsquo;il ira \u00e0 la cr\u00e8che \u00e0 une certaine p\u00e9riode. Donnez des indications pr\u00e9cises sur la date exacte, par exemple juste apr\u00e8s les vacances d\u2019\u00e9t\u00e9.<\/p>\n","protected":false},"excerpt":{"rendered":"<p>Envoyer son enfant \u00e0 la cr\u00e8che demande une attention particuli\u00e8re \u00e0 divers aspects. Il est essentiel d&rsquo;\u00e9valuer le niveau d\u2019exigence du centre, son projet \u00e9ducatif ainsi que sa m\u00e9thode p\u00e9dagogique. Se renseigner ad\u00e9quatement aidera votre enfant \u00e0 bien s\u2019adapter. En plus de ce choix, voici d&rsquo;autres \u00e9l\u00e9ments \u00e0 consid\u00e9rer pour une adaptation r\u00e9ussie en cr\u00e8che. [&hellip;]<\/p>\n","protected":false},"author":1,"featured_media":2900,"comment_status":"open","ping_status":"open","sticky":false,"template":"","format":"standard","meta":{"footnotes":""},"categories":[15],"tags":[],"class_list":{"0":"post-2722","1":"post","2":"type-post","3":"status-publish","4":"format-standard","5":"has-post-thumbnail","7":"category-bebe"},"_links":{"self":[{"href":"https:\/\/laviedepapa.info\/index.php?rest_route=\/wp\/v2\/posts\/2722","targetHints":{"allow":["GET"]}}],"collection":[{"href":"https:\/\/laviedepapa.info\/index.php?rest_route=\/wp\/v2\/posts"}],"about":[{"href":"https:\/\/laviedepapa.info\/index.php?rest_route=\/wp\/v2\/types\/post"}],"author":[{"embeddable":true,"href":"https:\/\/laviedepapa.info\/index.php?rest_route=\/wp\/v2\/users\/1"}],"replies":[{"embeddable":true,"href":"https:\/\/laviedepapa.info\/index.php?rest_route=%2Fwp%2Fv2%2Fcomments&post=2722"}],"version-history":[{"count":1,"href":"https:\/\/laviedepapa.info\/index.php?rest_route=\/wp\/v2\/posts\/2722\/revisions"}],"predecessor-version":[{"id":2723,"href":"https:\/\/laviedepapa.info\/index.php?rest_route=\/wp\/v2\/posts\/2722\/revisions\/2723"}],"wp:featuredmedia":[{"embeddable":true,"href":"https:\/\/laviedepapa.info\/index.php?rest_route=\/wp\/v2\/media\/2900"}],"wp:attachment":[{"href":"https:\/\/laviedepapa.info\/index.php?rest_route=%2Fwp%2Fv2%2Fmedia&parent=2722"}],"wp:term":[{"taxonomy":"category","embeddable":true,"href":"https:\/\/laviedepapa.info\/index.php?rest_route=%2Fwp%2Fv2%2Fcategories&post=2722"},{"taxonomy":"post_tag","embeddable":true,"href":"https:\/\/laviedepapa.info\/index.php?rest_route=%2Fwp%2Fv2%2Ftags&post=2722"}],"curies":[{"name":"wp","href":"https:\/\/api.w.org\/{rel}","templated":true}]}}